{"id":13847,"date":"2026-04-29T09:32:11","date_gmt":"2026-04-29T09:32:11","guid":{"rendered":"https:\/\/marina-clinic.com\/hair-transplant-candidate-2026\/"},"modified":"2026-04-29T11:31:44","modified_gmt":"2026-04-29T11:31:44","slug":"hair-transplant-candidate-2026","status":"publish","type":"post","link":"https:\/\/marina-clinic.com\/fr\/hair-transplant-candidate-2026\/","title":{"rendered":"Qui est un bon candidat pour une greffe de cheveux en 2026?"},"content":{"rendered":"\n<p>De nombreuses personnes envisageant une greffe de cheveux se posent la m\u00eame question :<\/p>\n\n\n\n<p>suis-je r\u00e9ellement un bon candidat ou les r\u00e9sultats seront-ils limit\u00e9s ?<\/p>\n\n\n\n<p>La r\u00e9ponse ne d\u00e9pend pas uniquement du degr\u00e9 de perte de cheveux. Des facteurs comme la qualit\u00e9 de la zone donneuse, la densit\u00e9 capillaire et le type de chute \u2014 qu\u2019il s\u2019agisse d\u2019un \u00e9claircissement diffus, d\u2019une perte au niveau de la couronne ou d\u2019un amincissement g\u00e9n\u00e9ral \u2014 jouent un r\u00f4le d\u00e9terminant dans le succ\u00e8s de l\u2019intervention.<\/p>\n\n\n\n<p><strong>R\u00e9ponse rapide : qui est un bon candidat pour une greffe de cheveux ?<\/strong><\/p>\n\n\n\n<p>Un bon candidat pour une greffe de cheveux pr\u00e9sente une perte de cheveux stable, une zone donneuse suffisamment dense et un nombre de greffons permettant d\u2019obtenir un r\u00e9sultat naturel. L\u2019\u00e9ligibilit\u00e9 d\u00e9pend \u00e9galement du type de perte capillaire, comme l\u2019\u00e9claircissement diffus, la perte au niveau de la couronne ou les cheveux globalement fins. Tous les patients ne sont pas des candidats id\u00e9aux, en particulier si la densit\u00e9 donneuse est faible ou si la calvitie est trop avanc\u00e9e.<\/p>\n\n\n\n<div id=\"ez-toc-container\" class=\"ez-toc-v2_0_76 counter-hierarchy ez-toc-counter ez-toc-grey ez-toc-container-direction\">\n<div class=\"ez-toc-title-container\">\n<p class=\"ez-toc-title\" style=\"cursor:inherit\"><\/p>\n<span class=\"ez-toc-title-toggle\"><a href=\"#\" class=\"ez-toc-pull-right ez-toc-btn ez-toc-btn-xs ez-toc-btn-default ez-toc-toggle\" aria-label=\"Toggle Table of Content\"><span class=\"ez-toc-js-icon-con\"><span class=\"\"><span class=\"eztoc-hide\" style=\"display:none;\">Toggle<\/span><span class=\"ez-toc-icon-toggle-span\"><svg style=\"fill: #999;color:#999\" xmlns=\"http:\/\/www.w3.org\/2000\/svg\" class=\"list-377408\" width=\"20px\" height=\"20px\" viewBox=\"0 0 24 24\" fill=\"none\"><path d=\"M6 6H4v2h2V6zm14 0H8v2h12V6zM4 11h2v2H4v-2zm16 0H8v2h12v-2zM4 16h2v2H4v-2zm16 0H8v2h12v-2z\" fill=\"currentColor\"><\/path><\/svg><svg style=\"fill: #999;color:#999\" class=\"arrow-unsorted-368013\" xmlns=\"http:\/\/www.w3.org\/2000\/svg\" width=\"10px\" height=\"10px\" viewBox=\"0 0 24 24\" version=\"1.2\" baseProfile=\"tiny\"><path d=\"M18.2 9.3l-6.2-6.3-6.2 6.3c-.2.2-.3.4-.3.7s.1.5.3.7c.2.2.4.3.7.3h11c.3 0 .5-.1.7-.3.2-.2.3-.5.3-.7s-.1-.5-.3-.7zM5.8 14.7l6.2 6.3 6.2-6.3c.2-.2.3-.5.3-.7s-.1-.5-.3-.7c-.2-.2-.4-.3-.7-.3h-11c-.3 0-.5.1-.7.3-.2.2-.3.5-.3.7s.1.5.3.7z\"\/><\/svg><\/span><\/span><\/span><\/a><\/span><\/div>\n<nav><ul class='ez-toc-list ez-toc-list-level-1 ' ><li class='ez-toc-page-1 ez-toc-heading-level-2'><a class=\"ez-toc-link ez-toc-heading-1\" href=\"https:\/\/marina-clinic.com\/fr\/hair-transplant-candidate-2026\/#Quest-ce_qui_fait_un_bon_candidat_pour_une_greffe_de_cheveux\" >Qu\u2019est-ce qui fait un bon candidat pour une greffe de cheveux ?<\/a><\/li><li class='ez-toc-page-1 ez-toc-heading-level-2'><a class=\"ez-toc-link ez-toc-heading-2\" href=\"https:\/\/marina-clinic.com\/fr\/hair-transplant-candidate-2026\/#Peut-on_faire_une_greffe_de_cheveux_en_cas_declaircissement_diffus\" >Peut-on faire une greffe de cheveux en cas d\u2019\u00e9claircissement diffus ?<\/a><\/li><li class='ez-toc-page-1 ez-toc-heading-level-2'><a class=\"ez-toc-link ez-toc-heading-3\" href=\"https:\/\/marina-clinic.com\/fr\/hair-transplant-candidate-2026\/#_La_greffe_de_cheveux_est-elle_adaptee_aux_cheveux_fins\" >&nbsp;La greffe de cheveux est-elle adapt\u00e9e aux cheveux fins ?<\/a><\/li><li class='ez-toc-page-1 ez-toc-heading-level-2'><a class=\"ez-toc-link ez-toc-heading-4\" href=\"https:\/\/marina-clinic.com\/fr\/hair-transplant-candidate-2026\/#La_greffe_de_cheveux_est-elle_adaptee_a_la_calvitie_de_la_couronne\" >La greffe de cheveux est-elle adapt\u00e9e \u00e0 la calvitie de la couronne ?<\/a><\/li><li class='ez-toc-page-1 ez-toc-heading-level-2'><a class=\"ez-toc-link ez-toc-heading-5\" href=\"https:\/\/marina-clinic.com\/fr\/hair-transplant-candidate-2026\/#Quand_netes-vous_pas_un_bon_candidat_pour_une_greffe_de_cheveux\" >Quand n&#8217;\u00eates-vous pas un bon candidat pour une greffe de cheveux ?<\/a><\/li><li class='ez-toc-page-1 ez-toc-heading-level-2'><a class=\"ez-toc-link ez-toc-heading-6\" href=\"https:\/\/marina-clinic.com\/fr\/hair-transplant-candidate-2026\/#Comment_les_medecins_evaluent_la_zone_donneuse_le_type_de_cheveux_et_le_modele_de_perte_de_cheveux\" >Comment les m\u00e9decins \u00e9valuent la zone donneuse, le type de cheveux et le mod\u00e8le de perte de cheveux ?<\/a><\/li><li class='ez-toc-page-1 ez-toc-heading-level-2'><a class=\"ez-toc-link ez-toc-heading-7\" href=\"https:\/\/marina-clinic.com\/fr\/hair-transplant-candidate-2026\/#Combien_de_greffons_sont_necessaires_selon_votre_cas\" >Combien de greffons sont n\u00e9cessaires selon votre cas ?<\/a><\/li><li class='ez-toc-page-1 ez-toc-heading-level-2'><a class=\"ez-toc-link ez-toc-heading-8\" href=\"https:\/\/marina-clinic.com\/fr\/hair-transplant-candidate-2026\/#Questions_frequemment_posees_sur_les_candidats_a_la_greffe_de_cheveux\" >Questions fr\u00e9quemment pos\u00e9es sur les candidats \u00e0 la greffe de cheveux<\/a><\/li><li class='ez-toc-page-1 ez-toc-heading-level-2'><a class=\"ez-toc-link ez-toc-heading-9\" href=\"https:\/\/marina-clinic.com\/fr\/hair-transplant-candidate-2026\/#Conclusion_finale_%E2%80%94_la_candidature_depend_de_la_strategie_pas_seulement_de_la_perte_de_cheveux\" >Conclusion finale \u2014 la candidature d\u00e9pend de la strat\u00e9gie, pas seulement de la perte de cheveux<\/a><\/li><li class='ez-toc-page-1 ez-toc-heading-level-2'><a class=\"ez-toc-link ez-toc-heading-10\" href=\"https:\/\/marina-clinic.com\/fr\/hair-transplant-candidate-2026\/#FAQ\" >FAQ<\/a><\/li><\/ul><\/nav><\/div>\n<h2 class=\"wp-block-heading\" id=\"h-qu-est-ce-qui-fait-un-bon-candidat-pour-une-greffe-de-cheveux\"><span class=\"ez-toc-section\" id=\"Quest-ce_qui_fait_un_bon_candidat_pour_une_greffe_de_cheveux\"><\/span>Qu\u2019est-ce qui fait un bon candidat pour une greffe de cheveux ?<span class=\"ez-toc-section-end\"><\/span><\/h2>\n\n\n\n<p>Plusieurs crit\u00e8res m\u00e9dicaux et esth\u00e9tiques sont pris en compte pour d\u00e9terminer si une greffe de cheveux est adapt\u00e9e. Une \u00e9valuation compl\u00e8te permet d\u2019anticiper les r\u00e9sultats possibles et d\u2019\u00e9viter les attentes irr\u00e9alistes.<\/p>\n\n\n\n<h3 class=\"wp-block-heading\" id=\"h-force-de-la-zone-donneuse\">Force de la zone donneuse<\/h3>\n\n\n\n<p>La zone donneuse est l\u2019un des facteurs les plus importants dans la r\u00e9ussite de la greffe. Elle d\u00e9termine le nombre de greffons disponibles et la qualit\u00e9 des cheveux transplant\u00e9s.<\/p>\n\n\n\n<ul class=\"wp-block-list\">\n<li>Densit\u00e9 des cheveux donneurs<\/li>\n<\/ul>\n\n\n\n<p>Une densit\u00e9 \u00e9lev\u00e9e permet d\u2019extraire plus de greffons sans compromettre l\u2019aspect naturel de la zone donneuse.<\/p>\n\n\n\n<ul class=\"wp-block-list\">\n<li>\u00c9paisseur des cheveux<\/li>\n<\/ul>\n\n\n\n<p>Des cheveux plus \u00e9pais offrent une meilleure couverture visuelle et contribuent \u00e0 un r\u00e9sultat plus dense.<\/p>\n\n\n\n<h3 class=\"wp-block-heading\" id=\"h-stabilite-de-la-perte-de-cheveux\">Stabilit\u00e9 de la perte de cheveux<\/h3>\n\n\n\n<p>La stabilit\u00e9 de la chute capillaire est essentielle pour garantir des r\u00e9sultats durables.<\/p>\n\n\n\n<ul class=\"wp-block-list\">\n<li>Perte progressive vs stable<\/li>\n<\/ul>\n\n\n\n<p>Une perte de cheveux encore active peut affecter les r\u00e9sultats \u00e0 long terme si elle n\u2019est pas stabilis\u00e9e.<\/p>\n\n\n\n<ul class=\"wp-block-list\">\n<li>Facteur \u00e2ge<\/li>\n<\/ul>\n\n\n\n<p>Les patients plus jeunes peuvent pr\u00e9senter une \u00e9volution impr\u00e9visible de la calvitie, n\u00e9cessitant une approche plus prudente.<\/p>\n\n\n\n<h3 class=\"wp-block-heading\" id=\"h-attentes-en-matiere-de-densite\">Attentes en mati\u00e8re de densit\u00e9<\/h3>\n\n\n\n<p>Il est important d\u2019avoir des attentes r\u00e9alistes concernant les r\u00e9sultats.<\/p>\n\n\n\n<ul class=\"wp-block-list\">\n<li>Couverture r\u00e9aliste<\/li>\n<\/ul>\n\n\n\n<p>Une greffe vise \u00e0 am\u00e9liorer l\u2019apparence globale, pas n\u00e9cessairement \u00e0 restaurer la densit\u00e9 d\u2019origine.<\/p>\n\n\n\n<ul class=\"wp-block-list\">\n<li>Pas de restauration compl\u00e8te dans tous les cas<\/li>\n<\/ul>\n\n\n\n<p>Dans certains cas avanc\u00e9s, il n\u2019est pas possible d\u2019obtenir une densit\u00e9 compl\u00e8te en raison du nombre limit\u00e9 de greffons disponibles.<\/p>\n\n\n\n<h3 class=\"wp-block-heading\" id=\"h-etat-general-de-sante-et-du-cuir-chevelu\">\u00c9tat g\u00e9n\u00e9ral de sant\u00e9 et du cuir chevelu<\/h3>\n\n\n\n<p>La sant\u00e9 globale du patient et l\u2019\u00e9tat du cuir chevelu influencent directement la r\u00e9ussite de la greffe. Un cuir chevelu sain favorise une meilleure cicatrisation et une bonne repousse des greffons.<\/p>\n\n\n\n<figure class=\"wp-block-image size-large\"><img fetchpriority=\"high\" decoding=\"async\" width=\"1024\" height=\"576\" src=\"https:\/\/marina-clinic.com\/wp-content\/uploads\/2026\/04\/H3_-Donor-Area-Strength-1024x576.webp\" alt=\"\" class=\"wp-image-13837\" srcset=\"https:\/\/marina-clinic.com\/wp-content\/uploads\/2026\/04\/H3_-Donor-Area-Strength-1024x576.webp 1024w, https:\/\/marina-clinic.com\/wp-content\/uploads\/2026\/04\/H3_-Donor-Area-Strength-300x169.webp 300w, https:\/\/marina-clinic.com\/wp-content\/uploads\/2026\/04\/H3_-Donor-Area-Strength-768x432.webp 768w, https:\/\/marina-clinic.com\/wp-content\/uploads\/2026\/04\/H3_-Donor-Area-Strength.webp 1200w\" sizes=\"(max-width: 1024px) 100vw, 1024px\" \/><\/figure>\n\n\n    <div class=\"chat-banner w-100 inner-banner\">\n        <p class=\"title-1\">Commencer une conversation<\/p>\n        <p class=\"title-2\">Contactez-nous par le moyen qui vous convient<\/p>\n        <div class=\"chat-buttons d-flex flex-wrap justify-content-center\">\n            <div class=\"chat-buttons-items phone-item\">\n                <a target=\"_blank\" href=\"tel:+905457354939\">\n                    <img decoding=\"async\" src=\"https:\/\/marina-clinic.com\/wp-content\/uploads\/2025\/09\/call.webp\" alt=\"Call\" class=\"social-image\">\n                <\/a>\n            <\/div>\n            <div class=\"chat-buttons-items email-item\">\n                <a target=\"_blank\" href=\"mailto:info@marina-clinic.com\">\n                    <img decoding=\"async\" src=\"https:\/\/marina-clinic.com\/wp-content\/uploads\/2025\/09\/email.webp\" alt=\"Email\" class=\"social-image\">\n                <\/a>\n            <\/div>\n            <div class=\"chat-buttons-items messenger-item\">\n                <a target=\"_blank\" href=\"https:\/\/www.m.me\/marinaclinictr\">\n                    <img decoding=\"async\" src=\"https:\/\/marina-clinic.com\/wp-content\/uploads\/2025\/09\/messenger.webp\" alt=\"Messenger\" class=\"social-image\">\n                <\/a>\n            <\/div>\n            <div class=\"chat-buttons-items instagram-item\">\n                <a target=\"_blank\" href=\"https:\/\/www.instagram.com\/marinaclinic.tr?igsh=MTY3dzh6MDhkMzB2Mg==\">\n                    <img decoding=\"async\" src=\"https:\/\/marina-clinic.com\/wp-content\/uploads\/2025\/09\/insta.webp\" alt=\"Instagram\" class=\"social-image\">\n                <\/a>\n            <\/div>\n            <div class=\"chat-buttons-items whatsapp-item\">\n                <a target=\"_blank\" href=\"https:\/\/wa.me\/+905457354939\">\n                    <img decoding=\"async\" src=\"https:\/\/marina-clinic.com\/wp-content\/uploads\/2025\/09\/whats.webp\" alt=\"WhatsApp\" class=\"social-image\">\n                <\/a>\n            <\/div>\n        <\/div>\n    <\/div>\n\n    <style>\n    .chat-banner { background:#f5f5eb; padding:20px; border-radius:8px; text-align:center; }\n    .title-1 { font-size:1.8em; color:#333; margin-bottom:10px; }\n    .title-2 { font-size:1.2em; color:#555; margin-bottom:20px; }\n    .chat-buttons { display:flex; justify-content:center; gap:20px; flex-wrap:nowrap; overflow-x:auto; padding-bottom:10px; }\n    .chat-buttons-items { display:flex; align-items:center; background:#fff; border-radius:10px; padding:10px; min-width:130px; text-align:center; box-shadow:0 2px 5px rgba(0,0,0,.1); }\n    .chat-buttons-items img.social-image { width:130px; height:auto; }\n    .chat-buttons-items:hover { background:#f0f0f0; }\n    @media (max-width: 768px) {\n        .email-item, .messenger-item, .instagram-item { display:none; }\n        .chat-buttons-items { min-width:100px; }\n        .chat-buttons-items img.social-image { width:100px; }\n    }\n    <\/style>\n    \n\n\n\n<h2 class=\"wp-block-heading\" id=\"h-peut-on-faire-une-greffe-de-cheveux-en-cas-d-eclaircissement-diffus\"><span class=\"ez-toc-section\" id=\"Peut-on_faire_une_greffe_de_cheveux_en_cas_declaircissement_diffus\"><\/span>Peut-on faire une greffe de cheveux en cas d\u2019\u00e9claircissement diffus ?<span class=\"ez-toc-section-end\"><\/span><\/h2>\n\n\n\n<p>L\u2019\u00e9claircissement diffus est l\u2019un des cas les plus complexes en greffe de cheveux. Contrairement \u00e0 la calvitie classique, la perte de densit\u00e9 est r\u00e9partie sur l\u2019ensemble du cuir chevelu, ce qui rend la planification plus d\u00e9licate et n\u00e9cessite une \u00e9valuation tr\u00e8s pr\u00e9cise.<\/p>\n\n\n\n<h3 class=\"wp-block-heading\" id=\"h-qu-est-ce-que-l-eclaircissement-diffus\">Qu\u2019est-ce que l\u2019\u00e9claircissement diffus ?<\/h3>\n\n\n\n<p>L\u2019\u00e9claircissement diffus se caract\u00e9rise par une diminution uniforme de la densit\u00e9 capillaire sur toute la t\u00eate, sans zones compl\u00e8tement d\u00e9garnies. Les cheveux deviennent plus fins et moins denses, ce qui donne un aspect globalement clairsem\u00e9.<\/p>\n\n\n\n<h3 class=\"wp-block-heading\" id=\"h-greffe-de-cheveux-et-eclaircissement-diffus-les-defis\">Greffe de cheveux et \u00e9claircissement diffus \u2014 les d\u00e9fis<\/h3>\n\n\n\n<p>La greffe dans ce type de cas pr\u00e9sente plusieurs difficult\u00e9s sp\u00e9cifiques li\u00e9es \u00e0 la r\u00e9partition des cheveux existants.<\/p>\n\n\n\n<ul class=\"wp-block-list\">\n<li>Chevauchement entre zone donneuse et receveuse<\/li>\n<\/ul>\n\n\n\n<p>Dans certains cas, la zone donneuse peut \u00e9galement \u00eatre affect\u00e9e, ce qui limite la quantit\u00e9 de greffons disponibles.<\/p>\n\n\n\n<ul class=\"wp-block-list\">\n<li>Risque de shock loss<\/li>\n<\/ul>\n\n\n\n<p>L\u2019implantation peut fragiliser les cheveux existants, entra\u00eenant une chute temporaire suppl\u00e9mentaire apr\u00e8s l\u2019intervention.<\/p>\n\n\n\n<h3 class=\"wp-block-heading\" id=\"h-quand-l-eclaircissement-diffus-est-traitable\">Quand l\u2019\u00e9claircissement diffus est traitable<\/h3>\n\n\n\n<p>Certains patients atteints d\u2019\u00e9claircissement diffus peuvent tout de m\u00eame b\u00e9n\u00e9ficier d\u2019une greffe, sous certaines conditions.<\/p>\n\n\n\n<ul class=\"wp-block-list\">\n<li>Zone donneuse forte<\/li>\n<\/ul>\n\n\n\n<p>Une bonne densit\u00e9 \u00e0 l\u2019arri\u00e8re du cuir chevelu permet d\u2019envisager une greffe efficace.<\/p>\n\n\n\n<ul class=\"wp-block-list\">\n<li>Perte de cheveux stabilis\u00e9e<\/li>\n<\/ul>\n\n\n\n<p>Un sch\u00e9ma de perte stable r\u00e9duit le risque de r\u00e9sultats irr\u00e9guliers \u00e0 long terme.<\/p>\n\n\n\n<h4 class=\"wp-block-heading\" id=\"h-quand-la-greffe-n-est-pas-recommandee\">Quand la greffe n\u2019est pas recommand\u00e9e<\/h4>\n\n\n\n<p>Dans certains cas, la greffe peut ne pas \u00eatre indiqu\u00e9e en raison de limitations importantes.<\/p>\n\n\n\n<ul class=\"wp-block-list\">\n<li>\u00c9claircissement diffus s\u00e9v\u00e8re<\/li>\n\n\n\n<li>Absence de contraste entre zones donneuse et receveuse<\/li>\n<\/ul>\n\n\n\n<p><strong>Insight d\u00e9cisionnel<\/strong> : l\u2019\u00e9claircissement diffus n\u00e9cessite une planification tr\u00e8s pr\u00e9cise \u2014 tous les <strong><a href=\"https:\/\/www.lesgreffesdecheveux.fr\/etes-vous-eligible-a-une-greffe-de-cheveux\/\" rel=\"nofollow\">patients ne sont pas \u00e9ligibles<\/a><\/strong>.<\/p>\n\n\n\n<figure class=\"wp-block-image size-large\"><img decoding=\"async\" width=\"1024\" height=\"576\" src=\"https:\/\/marina-clinic.com\/wp-content\/uploads\/2026\/04\/Even-thinning-across-scalp-1024x576.webp\" alt=\"\" class=\"wp-image-13838\" srcset=\"https:\/\/marina-clinic.com\/wp-content\/uploads\/2026\/04\/Even-thinning-across-scalp-1024x576.webp 1024w, https:\/\/marina-clinic.com\/wp-content\/uploads\/2026\/04\/Even-thinning-across-scalp-300x169.webp 300w, https:\/\/marina-clinic.com\/wp-content\/uploads\/2026\/04\/Even-thinning-across-scalp-768x432.webp 768w, https:\/\/marina-clinic.com\/wp-content\/uploads\/2026\/04\/Even-thinning-across-scalp.webp 1200w\" sizes=\"(max-width: 1024px) 100vw, 1024px\" \/><\/figure>\n\n\n    <div class=\"monthly-offer-banner\" >\n        <div class=\"mob-inner\">\n            <div class=\"mob-text\">\n                <h3 class=\"mob-title\">Votre cadeau de avril de la clinique Marina \u2014 Cliquez pour d\u00e9couvrir votre offre !<\/h3>\n            <\/div>\n            <div class=\"mob-cta\">\n                <a class=\"mob-btn\" href=\"https:\/\/wa.me\/905457354939?text=Je%20souhaite%20conna%C3%AEtre%20l%E2%80%99offre%20pour%20avril\" target=\"_blank\" rel=\"nofollow noopener noreferrer\">Voir l\u2019offre<\/a>\n            <\/div>\n        <\/div>\n    <\/div>\n    <style>\n    .monthly-offer-banner { background:#efece3; padding:18px; border-radius:10px; }\n    .monthly-offer-banner .mob-inner { display:flex; align-items:center; justify-content:space-between; gap:16px; flex-wrap:wrap; }\n    .monthly-offer-banner .mob-text { display:flex; align-items:center; gap:12px; }\n    .monthly-offer-banner .mob-month { background:#af9e59; color:#fff; font-weight:700; padding:6px 10px; border-radius:20px; font-size:14px; }\n    .monthly-offer-banner .mob-title { margin:0; font-size:20px; color:#333; }\n    .monthly-offer-banner .mob-cta .mob-btn { background:#333; color:#fff; text-decoration:none; padding:10px 16px; border-radius:8px; font-weight:600; display:inline-block; }\n    .monthly-offer-banner .mob-cta .mob-btn:hover { opacity:.9; }\n    .monthly-offer-banner.rtl .mob-title { text-align:right; }\n    <\/style>\n    \n\n\n\n<h2 class=\"wp-block-heading\" id=\"h-nbsp-la-greffe-de-cheveux-est-elle-adaptee-aux-cheveux-fins\"><span class=\"ez-toc-section\" id=\"_La_greffe_de_cheveux_est-elle_adaptee_aux_cheveux_fins\"><\/span>&nbsp;La greffe de cheveux est-elle adapt\u00e9e aux cheveux fins ?<span class=\"ez-toc-section-end\"><\/span><\/h2>\n\n\n\n<p>Les cheveux fins peuvent poser des d\u00e9fis lors de la greffe de cheveux, mais cela ne signifie pas qu\u2019ils ne peuvent pas b\u00e9n\u00e9ficier d\u2019une telle intervention. La greffe de cheveux est principalement utilis\u00e9e pour augmenter la densit\u00e9 capillaire, mais il est important de comprendre que la texture des cheveux fins ne deviendra pas n\u00e9cessairement plus \u00e9paisse apr\u00e8s l\u2019intervention.<\/p>\n\n\n\n<h3 class=\"wp-block-heading\" id=\"h-quelle-est-la-difference-entre-cheveux-fins-et-perte-de-cheveux\">Quelle est la diff\u00e9rence entre cheveux fins et perte de cheveux ?<\/h3>\n\n\n\n<p>Les cheveux fins ne sont pas n\u00e9cessairement un signe de perte de cheveux. Ils peuvent \u00eatre un trait g\u00e9n\u00e9tique ou le r\u00e9sultat de facteurs environnementaux. La perte de cheveux, quant \u00e0 elle, se caract\u00e9rise par un amincissement visible des zones du cuir chevelu, avec une perte de densit\u00e9 progressive.<\/p>\n\n\n\n<h3 class=\"wp-block-heading\" id=\"h-la-greffe-de-cheveux-pour-les-cheveux-fins-a-quoi-s-attendre\">La greffe de cheveux pour les cheveux fins \u2014 \u00e0 quoi s\u2019attendre ?<\/h3>\n\n\n\n<p>La greffe de cheveux peut am\u00e9liorer la densit\u00e9, mais elle ne restaurera pas l&#8217;\u00e9paisseur naturelle des cheveux fins.<\/p>\n\n\n\n<ul class=\"wp-block-list\">\n<li>Am\u00e9lioration de la densit\u00e9 : Les greffes ajouteront des cheveux suppl\u00e9mentaires pour cr\u00e9er une apparence plus pleine, mais les cheveux fins ne deviendront pas aussi \u00e9pais que les cheveux naturellement plus \u00e9pais.<\/li>\n\n\n\n<li>Patience et attentes r\u00e9alistes : La greffe offre une couverture esth\u00e9tique, mais ne garantira pas une texture de cheveux plus \u00e9paisse.<\/li>\n<\/ul>\n\n\n\n<h3 class=\"wp-block-heading\" id=\"h-greffe-de-cheveux-pour-les-cas-de-cheveux-tres-fins\">Greffe de cheveux pour les cas de cheveux tr\u00e8s fins<\/h3>\n\n\n\n<p>Dans les cas de cheveux extr\u00eamement fins, la survie des greffons peut \u00eatre limit\u00e9e.<\/p>\n\n\n\n<ul class=\"wp-block-list\">\n<li>Survie des greffons : Les cheveux fins peuvent ne pas avoir la m\u00eame capacit\u00e9 \u00e0 maintenir les greffons que les cheveux plus \u00e9pais. Cela peut entra\u00eener une croissance moins dense.<\/li>\n\n\n\n<li>Besoin d&#8217;attentes r\u00e9alistes : Les r\u00e9sultats seront visibles, mais peut-\u00eatre pas aussi denses qu\u2019avec des cheveux naturellement plus \u00e9pais.<\/li>\n<\/ul>\n\n\n\n<p>&nbsp;<strong>Insight d\u00e9cisionnel <\/strong>: Les cheveux fins peuvent \u00eatre trait\u00e9s, mais les r\u00e9sultats en termes de densit\u00e9 seront limit\u00e9s.<\/p>\n\n\n\n<figure class=\"wp-block-image size-large\"><img decoding=\"async\" width=\"1024\" height=\"576\" src=\"https:\/\/marina-clinic.com\/wp-content\/uploads\/2026\/04\/Even-thinning-across-scalp-copy-1024x576.webp\" alt=\"\" class=\"wp-image-13839\" srcset=\"https:\/\/marina-clinic.com\/wp-content\/uploads\/2026\/04\/Even-thinning-across-scalp-copy-1024x576.webp 1024w, https:\/\/marina-clinic.com\/wp-content\/uploads\/2026\/04\/Even-thinning-across-scalp-copy-300x169.webp 300w, https:\/\/marina-clinic.com\/wp-content\/uploads\/2026\/04\/Even-thinning-across-scalp-copy-768x432.webp 768w, https:\/\/marina-clinic.com\/wp-content\/uploads\/2026\/04\/Even-thinning-across-scalp-copy.webp 1200w\" sizes=\"(max-width: 1024px) 100vw, 1024px\" \/><\/figure>\n\n\n\n<h2 class=\"wp-block-heading\" id=\"h-la-greffe-de-cheveux-est-elle-adaptee-a-la-calvitie-de-la-couronne\"><span class=\"ez-toc-section\" id=\"La_greffe_de_cheveux_est-elle_adaptee_a_la_calvitie_de_la_couronne\"><\/span>La greffe de cheveux est-elle adapt\u00e9e \u00e0 la calvitie de la couronne ?<span class=\"ez-toc-section-end\"><\/span><\/h2>\n\n\n\n<p>La calvitie de la couronne est une des zones les plus complexes \u00e0 traiter en raison de son apport sanguin et de sa forme unique. Cela n\u00e9cessite des techniques plus sp\u00e9cifiques et un plus grand nombre de greffons pour garantir une couverture uniforme et naturelle.<\/p>\n\n\n\n<h3 class=\"wp-block-heading\" id=\"h-pourquoi-la-couronne-est-elle-plus-difficile-a-traiter\">Pourquoi la couronne est-elle plus difficile \u00e0 traiter ?<\/h3>\n\n\n\n<p>La couronne pr\u00e9sente des particularit\u00e9s biologiques qui compliquent la greffe.<\/p>\n\n\n\n<ul class=\"wp-block-list\">\n<li>Diff\u00e9rences d&#8217;approvisionnement sanguin : L&#8217;approvisionnement en sang dans cette zone peut \u00eatre plus faible, ce qui complique la survie des greffons.<\/li>\n\n\n\n<li>Le motif en spirale : La zone de la couronne pr\u00e9sente une croissance circulaire des cheveux, ce qui n\u00e9cessite un alignement pr\u00e9cis pour maintenir un aspect naturel.<\/li>\n<\/ul>\n\n\n\n<h3 class=\"wp-block-heading\" id=\"h-exigences-en-matiere-de-greffons-pour-la-couronne\">Exigences en mati\u00e8re de greffons pour la couronne<\/h3>\n\n\n\n<p>La calvitie de la couronne n\u00e9cessite g\u00e9n\u00e9ralement un grand nombre de greffons pour obtenir une couverture ad\u00e9quate.<\/p>\n\n\n\n<ul class=\"wp-block-list\">\n<li>Demande \u00e9lev\u00e9e en greffons : Selon la taille de la zone affect\u00e9e, il peut \u00eatre n\u00e9cessaire de pr\u00e9lever entre 3000 et 5000 greffons pour obtenir des r\u00e9sultats satisfaisants.<\/li>\n\n\n\n<li>Volume \u00e9lev\u00e9 de greffons : Les patients doivent \u00eatre pr\u00eats pour des sessions plus longues et des p\u00e9riodes de gu\u00e9rison plus longues en raison du nombre de greffons n\u00e9cessaires.<\/li>\n<\/ul>\n\n\n\n<h4 class=\"wp-block-heading\" id=\"h-meilleures-techniques-pour-la-perte-de-cheveux-sur-la-couronne\">Meilleures techniques pour la perte de cheveux sur la couronne<\/h4>\n\n\n\n<p>Certaines techniques sont particuli\u00e8rement adapt\u00e9es pour la restauration de la couronne.<\/p>\n\n\n\n<p>FUE ou Sapphire FUE : Ce sont les techniques les plus recommand\u00e9es pour la calvitie de la couronne, car elles permettent une extraction plus pr\u00e9cise et une meilleure densit\u00e9 de greffons.<\/p>\n\n\n\n<p><strong>Insight d\u00e9cisionnel<\/strong> : Les greffes pour la couronne n\u00e9cessitent un grand nombre de greffons et de la patience pour garantir des r\u00e9sultats naturels et durables.<\/p>\n\n\n\n<figure class=\"wp-block-image size-large\"><img loading=\"lazy\" decoding=\"async\" width=\"1024\" height=\"576\" src=\"https:\/\/marina-clinic.com\/wp-content\/uploads\/2026\/04\/Crown-Hair-Loss-1024x576.webp\" alt=\"\" class=\"wp-image-13840\" srcset=\"https:\/\/marina-clinic.com\/wp-content\/uploads\/2026\/04\/Crown-Hair-Loss-1024x576.webp 1024w, https:\/\/marina-clinic.com\/wp-content\/uploads\/2026\/04\/Crown-Hair-Loss-300x169.webp 300w, https:\/\/marina-clinic.com\/wp-content\/uploads\/2026\/04\/Crown-Hair-Loss-768x432.webp 768w, https:\/\/marina-clinic.com\/wp-content\/uploads\/2026\/04\/Crown-Hair-Loss.webp 1200w\" sizes=\"(max-width: 1024px) 100vw, 1024px\" \/><\/figure>\n\n\n    <div id=\"mrp-1\" class=\"pricing-req-wrap\" data-nonce=\"b6e2c5766c\">\n        <!-- Trigger -->\n        <button class=\"pricing-req-btn\"><i class=\"fas fa-tags\"><\/i> Demander les tarifs<\/button>\n\n        <!-- Modal (closed by default; opens with .is-open) -->\n        <div class=\"pricing-req-modal\">\n            <div class=\"pricing-req-content\" >\n                <span class=\"pricing-req-close\" aria-label=\"Fermer\">&times;<\/span>\n                <h3>Demande de tarifs<\/h3>\n\n                <input class=\"pricing-req-phone\" type=\"tel\" placeholder=\"Entrez votre num\u00e9ro de t\u00e9l\u00e9phone\" \/>\n                <!-- honeypot -->\n                <input type=\"text\" name=\"website\" class=\"mira-hp\" tabindex=\"-1\" autocomplete=\"off\" style=\"position:absolute;left:-9999px;opacity:0;\">\n                <button class=\"pricing-req-send\">Envoyer<\/button>\n                <p class=\"pricing-req-note\">En envoyant, vous acceptez que nous vous contactions sur WhatsApp avec les tarifs.<\/p>\n\n                <p class=\"pricing-req-success is-hidden\">Bien re\u00e7u ! Nous vous enverrons les tarifs sur WhatsApp sous peu.<\/p>\n            <\/div>\n        <\/div>\n    <\/div>\n\n    <script>\n    (function(){\n        const root   = document.getElementById(\"mrp-1\");\n        const i18n   = {\"enter_phone\":\"Entrez votre num\\u00e9ro de t\\u00e9l\\u00e9phone\",\"send\":\"Envoyer\",\"note\":\"En envoyant, vous acceptez que nous vous contactions sur WhatsApp avec les tarifs.\",\"success\":\"Bien re\\u00e7u ! Nous vous enverrons les tarifs sur WhatsApp sous peu.\",\"need_phone\":\"Veuillez entrer votre num\\u00e9ro de t\\u00e9l\\u00e9phone.\",\"invalid\":\"Le num\\u00e9ro semble invalide.\",\"close\":\"Fermer\"};\n        const ajaxUrl= \"https:\/\/marina-clinic.com\/wp-admin\/admin-ajax.php\";\n        const nonce  = root.dataset.nonce;\n\n        const btn    = root.querySelector(\".pricing-req-btn\");\n        const modal  = root.querySelector(\".pricing-req-modal\");\n        const close  = root.querySelector(\".pricing-req-close\");\n        const phone  = root.querySelector(\".pricing-req-phone\");\n        const send   = root.querySelector(\".pricing-req-send\");\n        const okText = root.querySelector(\".pricing-req-success\");\n\n        \/\/ Start closed\n        modal.classList.remove('is-open');\n\n        \/\/ Open\/close events\n        btn.addEventListener('click',   () => { okText.classList.add('is-hidden'); modal.classList.add('is-open'); });\n        close.addEventListener('click', () => modal.classList.remove('is-open'));\n        window.addEventListener('click', (e) => { if (e.target === modal) modal.classList.remove('is-open'); });\n\n        \/\/ intl-tel-input\n        let iti;\n        function initITI(){\n            try {\n                iti = window.intlTelInput(phone, {\n                    initialCountry: \"auto\",\n                    geoIpLookup: function(success){ fetch(\"https:\/\/ipinfo.io\/json\").then(r=>r.json()).then(d=>success(d.country)).catch(()=>success(\"AE\")); },\n                });\n            } catch(e){}\n        }\n        if (window.intlTelInput) { initITI(); }\n        else {\n\n        }\n\n        \/\/ Send\n        send.addEventListener('click', () => {\n\t\t\t \n             \n            \n\n            const e164      =  phone.value;\n            const dialCode  = iti ? (iti.getSelectedCountryData()?.dialCode || '') : '';\n            const pageLink  = window.location.href;\n            const honeypot  = root.querySelector('input[name=\"website\"]').value;\n\n            fetch(ajaxUrl, {\n                method: \"POST\",\n                headers: {\"Content-Type\": \"application\/x-www-form-urlencoded\"},\n                body: new URLSearchParams({\n                    action: \"mira_send_treatment_email\",\n                    _ajax_nonce: nonce,\n                    website: honeypot,\n                    treatment: \"Pricing via WhatsApp Request\",\n                    phone_e164: e164,\n                    country_code: dialCode,\n                    page_link: pageLink\n                })\n            })\n            .then(r => r.text())\n            .then(() => {\n                okText.classList.remove('is-hidden');\n                setTimeout(() => modal.classList.remove('is-open'), 1500);\n                phone.value = '';\n            })\n            .catch(() => alert(\"Something went wrong. Please try again.\"));\n        });\n    })();\n    <\/script>\n\n    <style>\n    .pricing-req-btn {\n        background:#af9e59; padding:10px 20px; font-weight:bold;\n        border:none; cursor:pointer; border-radius:5px;color:black !important;\n    }\n    .pricing-req-btn:hover { background:#8e834d; }\n\n    .pricing-req-modal {\n        display:none; position:fixed; inset:0; background:rgba(0,0,0,.5);\n        align-items:center; justify-content:center; z-index:9999;\n    }\n    .pricing-req-modal.is-open { display:flex; }\n\n    .pricing-req-content {\n        background:#fff; padding:20px; border-radius:8px; text-align:center; position:relative;\n        width:90%; max-width:520px; box-shadow:0 5px 15px rgba(0,0,0,.3);\n    }\n    .pricing-req-content.rtl { direction:rtl; }\n    .pricing-req-close {\n        position:absolute; top:10px; right:15px;\n        font-size:20px; cursor:pointer; color:#333;\n    }\n    .pricing-req-phone {\n        display:block; margin:10px auto; width:100%; padding:10px; font-size:14px;\n        border:1px solid #ccc; border-radius:5px;\n    }\n    .pricing-req-send {\n        background:#333; border:none; padding:10px 20px; border-radius:6px; cursor:pointer; font-weight:600;\n    }\n    .pricing-req-send:hover { opacity:.9; }\n    .pricing-req-note { font-size:12px; color:#666; margin-top:10px; text-align:left; }\n    .pricing-req-success { margin-top:12px; color:#1b5e20; font-weight:600; }\n    .is-hidden { display:none !important; }\n\n    \/* keep phone numbers LTR in RTL UI *\/\n    .pricing-req-content.rtl input[type=\"tel\"] { direction:ltr; text-align:left; }\n    <\/style>\n    \n\n\n\n<h2 class=\"wp-block-heading\" id=\"h-quand-n-etes-vous-pas-un-bon-candidat-pour-une-greffe-de-cheveux\"><span class=\"ez-toc-section\" id=\"Quand_netes-vous_pas_un_bon_candidat_pour_une_greffe_de_cheveux\"><\/span>Quand n&#8217;\u00eates-vous pas un bon candidat pour une greffe de cheveux ?<span class=\"ez-toc-section-end\"><\/span><\/h2>\n\n\n\n<p>Il existe plusieurs situations o\u00f9 une greffe de cheveux n\u2019est pas recommand\u00e9e, ou du moins, peut ne pas donner les r\u00e9sultats escompt\u00e9s. Ces situations doivent \u00eatre soigneusement \u00e9valu\u00e9es par un professionnel pour garantir la s\u00e9curit\u00e9 et la satisfaction du patient.<\/p>\n\n\n\n<h3 class=\"wp-block-heading\" id=\"h-zone-donneuse-faible\">Zone donneuse faible<\/h3>\n\n\n\n<p>La zone donneuse est l\u2019endroit o\u00f9 les greffons seront pr\u00e9lev\u00e9s pour \u00eatre r\u00e9implant\u00e9s. Une densit\u00e9 insuffisante dans cette zone peut poser probl\u00e8me.<\/p>\n\n\n\n<ul class=\"wp-block-list\">\n<li>Faible densit\u00e9<\/li>\n<\/ul>\n\n\n\n<p>Si la zone donneuse est peu dense, il peut \u00eatre difficile d\u2019obtenir un nombre suffisant de greffons pour une couverture ad\u00e9quate.<\/p>\n\n\n\n<ul class=\"wp-block-list\">\n<li>Follicules faibles<\/li>\n<\/ul>\n\n\n\n<p>Des follicules capillaires de mauvaise qualit\u00e9 ou fragiles peuvent \u00e9galement compromettre la croissance des greffons.<\/p>\n\n\n\n<h3 class=\"wp-block-heading\" id=\"h-perte-de-cheveux-avancee-cas-trop-graves\">Perte de cheveux avanc\u00e9e (cas trop graves)<\/h3>\n\n\n\n<p>Dans les cas o\u00f9 la perte de cheveux est trop avanc\u00e9e, la greffe peut ne pas \u00eatre efficace, car il y a souvent trop peu de cheveux dans la zone donneuse.<\/p>\n\n\n\n<ul class=\"wp-block-list\">\n<li>Insuffisance de greffons<\/li>\n<\/ul>\n\n\n\n<p>Lorsque la calvitie est trop prononc\u00e9e, il n\u2019y a pas assez de cheveux pour \u00eatre extraits et greff\u00e9s pour garantir un r\u00e9sultat naturel.<\/p>\n\n\n\n<h3 class=\"wp-block-heading\" id=\"h-perte-de-cheveux-instable\">Perte de cheveux instable<\/h3>\n\n\n\n<p>Si la perte de cheveux est encore progressive, il peut \u00eatre risqu\u00e9 de proc\u00e9der \u00e0 une greffe, car de nouvelles pertes pourraient survenir apr\u00e8s l\u2019op\u00e9ration, compromettant ainsi les r\u00e9sultats.<\/p>\n\n\n\n<ul class=\"wp-block-list\">\n<li>Chute de cheveux agressive<\/li>\n<\/ul>\n\n\n\n<p>Si le patient subit une perte de cheveux continue et rapide, la greffe pourrait ne pas \u00eatre durable.<\/p>\n\n\n\n<ul class=\"wp-block-list\">\n<li>\u00c9volution impr\u00e9visible<\/li>\n<\/ul>\n\n\n\n<p>Les patients jeunes peuvent voir leur perte de cheveux continuer \u00e0 \u00e9voluer, ce qui pourrait n\u00e9cessiter plusieurs interventions.<\/p>\n\n\n\n<h3 class=\"wp-block-heading\" id=\"h-attentes-irrealistes\">Attentes irr\u00e9alistes<\/h3>\n\n\n\n<p>Les attentes du patient jouent un r\u00f4le crucial dans la r\u00e9ussite de la greffe. Si un patient attend une couverture compl\u00e8te ou un retour \u00e0 la densit\u00e9 capillaire d\u2019avant, cela peut entra\u00eener des d\u00e9ceptions.<\/p>\n\n\n\n<ul class=\"wp-block-list\">\n<li>Attentes irr\u00e9alistes<\/li>\n<\/ul>\n\n\n\n<p>Les patients qui attendent un miracle ou une restauration compl\u00e8te peuvent ne pas \u00eatre satisfaits des r\u00e9sultats, qui sont souvent une am\u00e9lioration et non une restauration parfaite.<\/p>\n\n\n\n<p><strong>Insight d\u00e9cisionnel <\/strong>: La zone donneuse faible est la raison la plus courante d\u2019in\u00e9ligibilit\u00e9. La perte de cheveux trop avanc\u00e9e ou instable peut \u00e9galement rendre une greffe de cheveux inefficace.<\/p>\n\n\n\n<blockquote class=\"wp-block-quote is-layout-flow wp-block-quote-is-layout-flow\">\n<p><strong>En savoir plus: <a href=\"https:\/\/marina-clinic.com\/fr\/hair-transplant-istanbul-2026\/\">Greffe de cheveux \u00e0 Istanbul 2026 : Techniques, R\u00e9sultats et \u00c0 quoi s\u2019attendre<\/a><\/strong><\/p>\n<\/blockquote>\n\n\n\n\n\n<h2 class=\"wp-block-heading\" id=\"h-comment-les-medecins-evaluent-la-zone-donneuse-le-type-de-cheveux-et-le-modele-de-perte-de-cheveux\"><span class=\"ez-toc-section\" id=\"Comment_les_medecins_evaluent_la_zone_donneuse_le_type_de_cheveux_et_le_modele_de_perte_de_cheveux\"><\/span>Comment les m\u00e9decins \u00e9valuent la zone donneuse, le type de cheveux et le mod\u00e8le de perte de cheveux ?<span class=\"ez-toc-section-end\"><\/span><\/h2>\n\n\n\n<p>Avant de recommander une greffe de cheveux, les m\u00e9decins effectuent une \u00e9valuation compl\u00e8te afin de d\u00e9terminer si le patient est un bon <strong><a href=\"https:\/\/www.greffe-de-cheveux.paris\/actualites\/les-techniques-de-greffe-capillaire\/quels-sont-criteres-pour-bon-candidat-greffe-cheveux\/\" rel=\"nofollow\">candidat<\/a><\/strong>. Cette analyse permet d\u2019optimiser les r\u00e9sultats et de choisir la technique la plus adapt\u00e9e \u00e0 chaque cas.<\/p>\n\n\n\n<h3 class=\"wp-block-heading\" id=\"h-evaluation-de-la-zone-donneuse\">\u00c9valuation de la zone donneuse<\/h3>\n\n\n\n<p>La zone donneuse est examin\u00e9e en d\u00e9tail pour v\u00e9rifier sa capacit\u00e9 \u00e0 fournir un nombre suffisant de greffons sans alt\u00e9rer son apparence naturelle.<\/p>\n\n\n\n<ul class=\"wp-block-list\">\n<li>Mesure de la densit\u00e9<\/li>\n<\/ul>\n\n\n\n<p>Les sp\u00e9cialistes \u00e9valuent le nombre de follicules par centim\u00e8tre carr\u00e9 afin de d\u00e9terminer la quantit\u00e9 de greffons disponibles.<\/p>\n\n\n\n<ul class=\"wp-block-list\">\n<li>Capacit\u00e9 d\u2019extraction<\/li>\n<\/ul>\n\n\n\n<p>Une bonne zone donneuse doit permettre un pr\u00e9l\u00e8vement suffisant sans provoquer un aspect clairsem\u00e9.<\/p>\n\n\n\n<h3 class=\"wp-block-heading\" id=\"h-type-et-epaisseur-des-cheveux\">Type et \u00e9paisseur des cheveux<\/h3>\n\n\n\n<p>Le type de cheveux influence directement le r\u00e9sultat esth\u00e9tique de la greffe.<\/p>\n\n\n\n<ul class=\"wp-block-list\">\n<li>Cheveux \u00e9pais vs fins<\/li>\n<\/ul>\n\n\n\n<p>Les cheveux \u00e9pais offrent g\u00e9n\u00e9ralement une meilleure couverture visuelle et un r\u00e9sultat plus dense.<\/p>\n\n\n\n<ul class=\"wp-block-list\">\n<li>Structure du cheveu<\/li>\n<\/ul>\n\n\n\n<p>La texture et la forme (raides, ondul\u00e9s, boucl\u00e9s) jouent \u00e9galement un r\u00f4le dans l\u2019apparence finale.<\/p>\n\n\n\n<h3 class=\"wp-block-heading\" id=\"h-planification-de-la-ligne-capillaire-et-strategie-de-couverture\">Planification de la ligne capillaire et strat\u00e9gie de couverture<\/h3>\n\n\n\n<p>Les m\u00e9decins analysent \u00e9galement la forme du visage et la r\u00e9partition de la perte de cheveux pour concevoir une ligne capillaire naturelle et harmonieuse.<\/p>\n\n\n\n<ul class=\"wp-block-list\">\n<li>Design de la ligne frontale :Une ligne capillaire adapt\u00e9e au visage est essentielle pour un r\u00e9sultat naturel.<\/li>\n\n\n\n<li>Strat\u00e9gie de couverture: La r\u00e9partition des greffons est planifi\u00e9e selon les zones prioritaires (front, mid-scalp, couronne).<\/li>\n<\/ul>\n\n\n\n<h4 class=\"wp-block-heading\" id=\"h-pourquoi-l-auto-diagnostic-en-ligne-est-trompeur\">Pourquoi l\u2019auto-diagnostic en ligne est trompeur<\/h4>\n\n\n\n<p>L\u2019auto-\u00e9valuation peut conduire \u00e0 de mauvaises conclusions, car elle ne prend pas en compte des facteurs essentiels comme la qualit\u00e9 de la zone donneuse ou la progression future de la perte de cheveux.<\/p>\n\n\n\n<figure class=\"wp-block-image size-large\"><img loading=\"lazy\" decoding=\"async\" width=\"1024\" height=\"576\" src=\"https:\/\/marina-clinic.com\/wp-content\/uploads\/2026\/04\/Extraction-capacity-1024x576.webp\" alt=\"\" class=\"wp-image-13841\" srcset=\"https:\/\/marina-clinic.com\/wp-content\/uploads\/2026\/04\/Extraction-capacity-1024x576.webp 1024w, https:\/\/marina-clinic.com\/wp-content\/uploads\/2026\/04\/Extraction-capacity-300x169.webp 300w, https:\/\/marina-clinic.com\/wp-content\/uploads\/2026\/04\/Extraction-capacity-768x432.webp 768w, https:\/\/marina-clinic.com\/wp-content\/uploads\/2026\/04\/Extraction-capacity.webp 1200w\" sizes=\"(max-width: 1024px) 100vw, 1024px\" \/><\/figure>\n\n\n\n<h2 class=\"wp-block-heading\" id=\"h-combien-de-greffons-sont-necessaires-selon-votre-cas\"><span class=\"ez-toc-section\" id=\"Combien_de_greffons_sont_necessaires_selon_votre_cas\"><\/span>Combien de greffons sont n\u00e9cessaires selon votre cas ?<span class=\"ez-toc-section-end\"><\/span><\/h2>\n\n\n\n<p>Le nombre de greffons n\u00e9cessaires pour une greffe de cheveux varie en fonction du degr\u00e9 de perte capillaire, de la densit\u00e9 souhait\u00e9e et de la surface \u00e0 couvrir. Une estimation personnalis\u00e9e est essentielle pour obtenir un r\u00e9sultat naturel et harmonieux.<\/p>\n\n\n\n<h3 class=\"wp-block-heading\" id=\"h-perte-de-cheveux-legere\">Perte de cheveux l\u00e9g\u00e8re<\/h3>\n\n\n\n<p>Dans les cas de perte de cheveux l\u00e9g\u00e8re, l\u2019objectif est principalement de restaurer la densit\u00e9 dans des zones sp\u00e9cifiques comme les tempes ou la ligne frontale.<\/p>\n\n\n\n<ul class=\"wp-block-list\">\n<li>1000\u20132000 greffons<\/li>\n<\/ul>\n\n\n\n<p>Ce nombre est g\u00e9n\u00e9ralement suffisant pour corriger des zones peu d\u00e9garnies et am\u00e9liorer l\u00e9g\u00e8rement la densit\u00e9 globale.<\/p>\n\n\n\n<h3 class=\"wp-block-heading\" id=\"h-perte-de-cheveux-moderee\">Perte de cheveux mod\u00e9r\u00e9e<\/h3>\n\n\n\n<p>La perte de cheveux mod\u00e9r\u00e9e concerne des zones plus \u00e9tendues n\u00e9cessitant une couverture plus importante pour r\u00e9tablir une apparence \u00e9quilibr\u00e9e.<\/p>\n\n\n\n<ul class=\"wp-block-list\">\n<li>2000\u20133500 greffons<\/li>\n<\/ul>\n\n\n\n<p>Cette plage permet de traiter plusieurs zones du cuir chevelu avec un r\u00e9sultat visible et naturel.<\/p>\n\n\n\n<h3 class=\"wp-block-heading\" id=\"h-perte-de-cheveux-avancee\">Perte de cheveux avanc\u00e9e<\/h3>\n\n\n\n<p>Dans les cas avanc\u00e9s, une reconstruction plus compl\u00e8te du cuir chevelu est n\u00e9cessaire, impliquant un nombre \u00e9lev\u00e9 de greffons.<\/p>\n\n\n\n<ul class=\"wp-block-list\">\n<li>3500\u20135000 greffons<\/li>\n<\/ul>\n\n\n\n<p>Ce niveau est utilis\u00e9 pour couvrir de larges zones de calvitie et restaurer une densit\u00e9 globale satisfaisante.<\/p>\n\n\n\n<h4 class=\"wp-block-heading\" id=\"h-quand-les-greffons-ne-suffisent-pas\">Quand les greffons ne suffisent pas<\/h4>\n\n\n\n<p>Dans certains cas tr\u00e8s avanc\u00e9s ou lorsque la zone donneuse est limit\u00e9e, il peut \u00eatre impossible d\u2019atteindre une densit\u00e9 compl\u00e8te m\u00eame avec un nombre \u00e9lev\u00e9 de greffons.<\/p>\n\n\n\n<p>Dans ces situations, les r\u00e9sultats doivent \u00eatre adapt\u00e9s aux capacit\u00e9s r\u00e9elles du patient.<\/p>\n\n\n\n<blockquote class=\"wp-block-quote is-layout-flow wp-block-quote-is-layout-flow\">\n<p><strong>En savoir plus:<\/strong> <strong><a href=\"https:\/\/marina-clinic.com\/fr\/hair-transplant-turkey-vs-europe-2026\/\">Greffe de cheveux Turquie vs Europe 2026 : normes m\u00e9dicales, co\u00fbts et techniques compar\u00e9s<\/a><\/strong><\/p>\n<\/blockquote>\n\n\n    <div class=\"monthly-offer-banner\" >\n        <div class=\"mob-inner\">\n            <div class=\"mob-text\">\n                <h3 class=\"mob-title\">Votre cadeau de avril de la clinique Marina \u2014 Cliquez pour d\u00e9couvrir votre offre !<\/h3>\n            <\/div>\n            <div class=\"mob-cta\">\n                <a class=\"mob-btn\" href=\"https:\/\/wa.me\/905457354939?text=Je%20souhaite%20conna%C3%AEtre%20l%E2%80%99offre%20pour%20avril\" target=\"_blank\" rel=\"nofollow noopener noreferrer\">Voir l\u2019offre<\/a>\n            <\/div>\n        <\/div>\n    <\/div>\n    <style>\n    .monthly-offer-banner { background:#efece3; padding:18px; border-radius:10px; }\n    .monthly-offer-banner .mob-inner { display:flex; align-items:center; justify-content:space-between; gap:16px; flex-wrap:wrap; }\n    .monthly-offer-banner .mob-text { display:flex; align-items:center; gap:12px; }\n    .monthly-offer-banner .mob-month { background:#af9e59; color:#fff; font-weight:700; padding:6px 10px; border-radius:20px; font-size:14px; }\n    .monthly-offer-banner .mob-title { margin:0; font-size:20px; color:#333; }\n    .monthly-offer-banner .mob-cta .mob-btn { background:#333; color:#fff; text-decoration:none; padding:10px 16px; border-radius:8px; font-weight:600; display:inline-block; }\n    .monthly-offer-banner .mob-cta .mob-btn:hover { opacity:.9; }\n    .monthly-offer-banner.rtl .mob-title { text-align:right; }\n    <\/style>\n    \n\n\n\n<h2 class=\"wp-block-heading\" id=\"h-questions-frequemment-posees-sur-les-candidats-a-la-greffe-de-cheveux\"><span class=\"ez-toc-section\" id=\"Questions_frequemment_posees_sur_les_candidats_a_la_greffe_de_cheveux\"><\/span>Questions fr\u00e9quemment pos\u00e9es sur les candidats \u00e0 la greffe de cheveux<span class=\"ez-toc-section-end\"><\/span><\/h2>\n\n\n\n<ul class=\"wp-block-list\">\n<li>Suis-je un bon candidat pour une greffe de cheveux ?<\/li>\n\n\n\n<li>Peut-on faire une greffe de cheveux sur des cheveux clairsem\u00e9s ?<\/li>\n\n\n\n<li>La greffe de cheveux est-elle efficace pour l\u2019\u00e9claircissement diffus ?<\/li>\n\n\n\n<li>Comment savoir si je suis \u00e9ligible \u00e0 une greffe de cheveux ?<\/li>\n\n\n\n<li>Qu\u2019est-ce qui emp\u00eache une greffe de cheveux ?<\/li>\n<\/ul>\n\n\n\n<h2 class=\"wp-block-heading\" id=\"h-conclusion-finale-la-candidature-depend-de-la-strategie-pas-seulement-de-la-perte-de-cheveux\"><span class=\"ez-toc-section\" id=\"Conclusion_finale_%E2%80%94_la_candidature_depend_de_la_strategie_pas_seulement_de_la_perte_de_cheveux\"><\/span>Conclusion finale \u2014 la candidature d\u00e9pend de la strat\u00e9gie, pas seulement de la perte de cheveux<span class=\"ez-toc-section-end\"><\/span><\/h2>\n\n\n\n<p>\u00catre un bon candidat pour une greffe de cheveux ne d\u00e9pend pas uniquement du degr\u00e9 de calvitie, mais d\u2019un ensemble de facteurs m\u00e9dicaux et esth\u00e9tiques. La qualit\u00e9 de la zone donneuse, le type de cheveux et la stabilit\u00e9 de la perte capillaire jouent un r\u00f4le essentiel dans la r\u00e9ussite de l\u2019intervention.<\/p>\n\n\n\n<p>Dans certains cas, m\u00eame une perte de cheveux avanc\u00e9e peut \u00eatre trait\u00e9e efficacement si la zone donneuse est suffisante. \u00c0 l\u2019inverse, des patients avec une perte mod\u00e9r\u00e9e peuvent ne pas \u00eatre de bons candidats si les conditions ne sont pas favorables.<\/p>\n\n\n\n<p>Le choix de la technique et une planification personnalis\u00e9e restent les \u00e9l\u00e9ments cl\u00e9s pour obtenir un r\u00e9sultat naturel, harmonieux et durable.<\/p>\n\n\n\n<blockquote class=\"wp-block-quote is-layout-flow wp-block-quote-is-layout-flow\">\n<p><strong><strong>En savoir plus:<\/strong> <a href=\"https:\/\/marina-clinic.com\/fr\/fue-vs-dhi-vs-sapphire-hair-transplant-2026\/\">FUE vs DHI vs Greffe de cheveux Sapphire : quelle technique est la meilleure en 2026?<\/a><\/strong><\/p>\n<\/blockquote>\n\n\n    <div id=\"mti-2\" class=\"mira-inquiry-container\"  data-nonce=\"b6e2c5766c\">\n        <!-- Step 1 -->\n        <div class=\"mira-step mira-step-1\">\n            <p class=\"mira-q\">Quel traitement vous int\u00e9resse ?<\/p>\n            <div class=\"mira-options\">\n                                    <label class=\"mira-option\">\n                        <input type=\"radio\" name=\"mira_treatment_mti-2\" value=\"Traitement dentaire\"> Traitement dentaire                    <\/label>\n                                    <label class=\"mira-option\">\n                        <input type=\"radio\" name=\"mira_treatment_mti-2\" value=\"Greffe de cheveux\"> Greffe de cheveux                    <\/label>\n                                    <label class=\"mira-option\">\n                        <input type=\"radio\" name=\"mira_treatment_mti-2\" value=\"Chirurgie esth\u00e9tique\"> Chirurgie esth\u00e9tique                    <\/label>\n                                    <label class=\"mira-option\">\n                        <input type=\"radio\" name=\"mira_treatment_mti-2\" value=\"Autre\"> Autre                    <\/label>\n                            <\/div>\n        <\/div>\n\n        <!-- Step 2 -->\n        <div class=\"mira-step mira-step-2\" style=\"display:none;\">\n            <p class=\"mira-q\">Parfait ! Veuillez saisir votre num\u00e9ro de t\u00e9l\u00e9phone et nous vous contacterons rapidement.<\/p>\n            <input id=\"mira_phone_mti-2\" type=\"tel\" class=\"mira-phone\" placeholder=\"Saisissez votre num\u00e9ro de t\u00e9l\u00e9phone\" \/>\n            <!-- honeypot -->\n            <input type=\"text\" name=\"website\" class=\"mira-hp\" tabindex=\"-1\" autocomplete=\"off\" style=\"position:absolute;left:-9999px;opacity:0;\">\n            <button class=\"mira-btn\"\n\t\t\t\t\tonclick=\"window['miraSubmit_mti-2']()\">\n\t\t\t\tEnvoyer\t\t\t<\/button>\n            <p class=\"mira-note\">En envoyant, vous acceptez d\u2019\u00eatre contact\u00e9 au sujet de votre demande.<\/p>\n        <\/div>\n\n        <!-- Step 3 -->\n        <div class=\"mira-step mira-step-3\" style=\"display:none;\">\n            <p class=\"mira-thanks\">Merci !<\/p>\n            <p class=\"mira-details\">Nous avons bien re\u00e7u votre demande et nous vous recontacterons au plus vite.<\/p>\n        <\/div>\n    <\/div>\n\n<script>\n(function(){\n  const rootId   = \"mti-2\";\n  const root     = document.getElementById(rootId);\n  const ajaxUrl  = \"https:\/\/marina-clinic.com\/wp-admin\/admin-ajax.php\";\n  const nonceVal = root.dataset.nonce;\n  const I18N     = {\"q\":\"Quel traitement vous int\\u00e9resse ?\",\"dental\":\"Traitement dentaire\",\"hair\":\"Greffe de cheveux\",\"plastic\":\"Chirurgie esth\\u00e9tique\",\"other\":\"Autre\",\"phone_q\":\"Parfait ! Veuillez saisir votre num\\u00e9ro de t\\u00e9l\\u00e9phone et nous vous contacterons rapidement.\",\"placeholder\":\"Saisissez votre num\\u00e9ro de t\\u00e9l\\u00e9phone\",\"send\":\"Envoyer\",\"note\":\"En envoyant, vous acceptez d\\u2019\\u00eatre contact\\u00e9 au sujet de votre demande.\",\"thanks\":\"Merci !\",\"details\":\"Nous avons bien re\\u00e7u votre demande et nous vous recontacterons au plus vite.\",\"alert_select\":\"Veuillez choisir un type de traitement.\",\"alert_phone\":\"Veuillez entrer votre num\\u00e9ro de t\\u00e9l\\u00e9phone.\",\"alert_invalid\":\"Le num\\u00e9ro semble invalide.\"};\n\n  let iti;\n\n  \/\/ Step change: only radios inside this widget\n  root.querySelectorAll('input[name=\"mira_treatment_mti-2\"]').forEach(el => {\n    el.addEventListener('change', () => {\n      root.querySelector('.mira-step-1').style.display = 'none';\n      root.querySelector('.mira-step-2').style.display = 'block';\n    });\n  });\n\n  \/\/ Namespaced submit function (hyphen-safe)\n  window['miraSubmit_mti-2'] = function() {\n    const phoneEl = document.getElementById(\"mira_phone_mti-2\");\n    const sel = root.querySelector('input[name=\"mira_treatment_mti-2\"]:checked');\n    const treatment = sel ? sel.value : \"\";\n\n\n    const e164     =  phoneEl.value;\n    const dialCode = iti ? (iti.getSelectedCountryData()?.dialCode || '') : '';\n    const pageLink = window.location.href;\n    const honeypot = root.querySelector('input[name=\"website\"]').value;\n\n    fetch(ajaxUrl, {\n      method: \"POST\",\n      headers: {\"Content-Type\": \"application\/x-www-form-urlencoded\"},\n      body: new URLSearchParams({\n        action: \"mira_send_treatment_email\",\n        _ajax_nonce: nonceVal,\n        website: honeypot,\n        treatment: treatment,\n        phone_e164: e164,\n        country_code: dialCode,\n        page_link: pageLink\n      })\n    })\n    .then(r => r.text())\n    .then(() => {\n      root.querySelector('.mira-step-2').style.display = 'none';\n      root.querySelector('.mira-step-3').style.display = 'block';\n    })\n    .catch(() => alert(\"Something went wrong. Please try again.\"));\n  };\n\n  \/\/ intl-tel-input init (use loadUtilsOnInit to avoid deprecation warning)\n  document.addEventListener(\"DOMContentLoaded\", function(){\n    const input = document.getElementById(\"mira_phone_mti-2\");\n    function initITI(){\n      try {\n        iti = window.intlTelInput(input, {\n          initialCountry: \"auto\",\n          loadUtilsOnInit: true, \/\/ replaces deprecated utilsScript\n          geoIpLookup: function(success){\n            fetch(\"https:\/\/ipinfo.io\/json\")\n              .then(r=>r.json())\n              .then(d=>success(d.country))\n              .catch(()=>success(\"AE\"));\n          }\n        });\n      } catch(e) { console.error(\"intlTelInput init error:\", e); }\n    }\n    if (window.intlTelInput) { initITI(); }\n    else {\n\n    }\n  });\n})();\n<\/script>\n\n\n\n\n    <style>\n    .mira-inquiry-container {background:#f7f6f2; padding:20px; border-radius:12px; text-align:center; position:relative;}\n    .mira-q {font-size:1.35rem; color:#333; margin-bottom:14px;}\n    .mira-options {display:flex; flex-wrap:wrap; gap:10px; justify-content:center;}\n    .mira-option {background:#fff; border:1px solid #333; padding:10px 14px; border-radius:8px; cursor:pointer; font-weight:600; color:#333;}\n    .mira-option:hover {background:#333; color:#fff;}\n    .mira-phone {width:100%; max-width:420px; padding:12px; border:1px solid #ccc; border-radius:8px; font-size:1rem;}\n    .mira-btn {margin-top:14px; border:none; padding:10px 20px; border-radius:8px; cursor:pointer; font-size:1rem; font-weight:600;}\n    .mira-btn:hover {opacity:.9;}\n    .mira-note {font-size:.85rem; color:#666; margin-top:10px;}\n    .mira-thanks {font-size:1.5rem; font-weight:700; margin-bottom:8px; color:#333;}\n    .mira-details {font-size:1.1rem; color:#444;}\n    .mira-hp {display:none;} \/* honeypot *\/\n    .mira-inquiry-container.rtl { direction: rtl; text-align: center; }\n    .mira-inquiry-container.rtl input[type=\"tel\"] { direction:ltr; text-align:left; } \/* keep numbers LTR *\/\n    @media (max-width:768px){ .mira-option{flex:1 1 calc(50% - 10px);} }\n    <\/style>\n    \n\n\n\n<h2 class=\"wp-block-heading\" id=\"h-faq\"><span class=\"ez-toc-section\" id=\"FAQ\"><\/span>FAQ<span class=\"ez-toc-section-end\"><\/span><\/h2>\n\n\n\n<div class=\"schema-faq wp-block-yoast-faq-block\"><div class=\"schema-faq-section\" id=\"faq-question-1777453664557\"><strong class=\"schema-faq-question\"><strong>Suis-je un bon candidat pour une greffe de cheveux ?<\/strong><\/strong> <p class=\"schema-faq-answer\">Si vous pr\u00e9sentez une perte de cheveux stable et une bonne zone donneuse, vous pouvez \u00eatre un bon candidat. Une \u00e9valuation m\u00e9dicale est toutefois n\u00e9cessaire pour confirmer votre \u00e9ligibilit\u00e9.<\/p> <\/div> <div class=\"schema-faq-section\" id=\"faq-question-1777453675572\"><strong class=\"schema-faq-question\"><strong>Peut-on faire une greffe de cheveux sur des cheveux clairsem\u00e9s ?<\/strong><\/strong> <p class=\"schema-faq-answer\">Oui, la greffe de cheveux peut \u00eatre r\u00e9alis\u00e9e sur des cheveux clairsem\u00e9s, mais la densit\u00e9 finale d\u00e9pend de la qualit\u00e9 de la zone donneuse et du degr\u00e9 de perte capillaire.<\/p> <\/div> <div class=\"schema-faq-section\" id=\"faq-question-1777453676596\"><strong class=\"schema-faq-question\"><strong>La greffe de cheveux est-elle efficace pour l\u2019\u00e9claircissement diffus ?<\/strong><\/strong> <p class=\"schema-faq-answer\">Dans certains cas s\u00e9lectionn\u00e9s, oui. Cependant, l\u2019\u00e9claircissement diffus n\u00e9cessite une \u00e9valuation tr\u00e8s pr\u00e9cise car tous les patients ne sont pas de bons candidats.<\/p> <\/div> <div class=\"schema-faq-section\" id=\"faq-question-1777453678514\"><strong class=\"schema-faq-question\"><strong>La chute apr\u00e8s la greffe signifie-t-elle un \u00e9chec ?<\/strong><\/strong> <p class=\"schema-faq-answer\">Non, la chute temporaire (shock loss) est une \u00e9tape normale du processus de gu\u00e9rison et ne signifie pas un \u00e9chec de la greffe.<\/p> <\/div> <div class=\"schema-faq-section\" id=\"faq-question-1777453679333\"><strong class=\"schema-faq-question\"><strong>\u00c0 4 mois apr\u00e8s la greffe et toujours peu de densit\u00e9, est-ce normal ?<\/strong><\/strong> <p class=\"schema-faq-answer\">Oui, c\u2019est normal. La repousse visible commence g\u00e9n\u00e9ralement entre 4 et 6 mois, tandis que les r\u00e9sultats finaux apparaissent apr\u00e8s environ 12 mois.<\/p> <\/div> <div class=\"schema-faq-section\" id=\"faq-question-1777453681245\"><strong class=\"schema-faq-question\"><strong>Est-il trop tard pour une greffe de cheveux ?<\/strong><\/strong> <p class=\"schema-faq-answer\">Cela d\u00e9pend principalement de la qualit\u00e9 de la zone donneuse et non uniquement du degr\u00e9 de calvitie. M\u00eame les cas avanc\u00e9s peuvent parfois \u00eatre trait\u00e9s.<br><\/p> <\/div> <div class=\"schema-faq-section\" id=\"faq-question-1777453690639\"><strong class=\"schema-faq-question\"><strong>Combien de greffons sont n\u00e9cessaires ?<\/strong><\/strong> <p class=\"schema-faq-answer\">Le nombre de greffons varie g\u00e9n\u00e9ralement entre 1000 et 5000 selon la s\u00e9v\u00e9rit\u00e9 de la perte de cheveux et la densit\u00e9 souhait\u00e9e.<\/p> <\/div> <\/div>\n\n\n\n<p><\/p>\n","protected":false},"excerpt":{"rendered":"<p>De nombreuses personnes envisageant une greffe de cheveux se posent la m\u00eame question : suis-je<\/p>\n","protected":false},"author":2,"featured_media":13848,"comment_status":"open","ping_status":"open","sticky":false,"template":"","format":"standard","meta":{"footnotes":""},"categories":[843],"tags":[1159,1155,1160,1153,1158,1156,1157],"class_list":["post-13847","post","type-post","status-publish","format-standard","has-post-thumbnail","hentry","category-greffe-de-cheveux","tag-fue-saphir","tag-greffe-de-cheveux-avant-et-apres","tag-greffe-de-cheveux-dhi","tag-greffe-de-cheveux-en-turquie","tag-greffe-de-cheveux-fue","tag-recuperation-apres-une-greffe-de-cheveux","tag-techniques-de-greffe-de-cheveux"],"yoast_head":"<!-- This site is optimized with the Yoast SEO Premium plugin v27.5 (Yoast SEO v27.5) - https:\/\/yoast.com\/product\/yoast-seo-premium-wordpress\/ -->\n<title>Qui est un bon candidat pour une greffe de cheveux en 2026? - Marina Clinic<\/title>\n<meta name=\"description\" content=\"Suis-je un bon candidat pour une greffe de cheveux ? D\u00e9couvrez l\u2019\u00e9claircissement diffus, la perte de cheveux au niveau de la couronne, la zone donneuse et les crit\u00e8res d\u2019\u00e9ligibilit\u00e9 en 2026.\" \/>\n<meta name=\"robots\" content=\"index, follow, max-snippet:-1, max-image-preview:large, max-video-preview:-1\" \/>\n<link rel=\"canonical\" href=\"https:\/\/marina-clinic.com\/fr\/hair-transplant-candidate-2026\/\" \/>\n<meta property=\"og:locale\" content=\"fr_FR\" \/>\n<meta property=\"og:type\" content=\"article\" \/>\n<meta property=\"og:title\" content=\"Qui est un bon candidat pour une greffe de cheveux en 2026?\" \/>\n<meta property=\"og:description\" content=\"Suis-je un bon candidat pour une greffe de cheveux ? D\u00e9couvrez l\u2019\u00e9claircissement diffus, la perte de cheveux au niveau de la couronne, la zone donneuse et les crit\u00e8res d\u2019\u00e9ligibilit\u00e9 en 2026.\" \/>\n<meta property=\"og:url\" content=\"https:\/\/marina-clinic.com\/fr\/hair-transplant-candidate-2026\/\" \/>\n<meta property=\"og:site_name\" content=\"Marina Clinic\" \/>\n<meta property=\"article:published_time\" content=\"2026-04-29T09:32:11+00:00\" \/>\n<meta property=\"article:modified_time\" content=\"2026-04-29T11:31:44+00:00\" \/>\n<meta property=\"og:image\" content=\"https:\/\/marina-clinic.com\/wp-content\/uploads\/2026\/04\/Who-Is-a-Good-Candidate-for-a-Hair-Transplant-in-2026_.webp\" \/>\n\t<meta property=\"og:image:width\" content=\"1200\" \/>\n\t<meta property=\"og:image:height\" content=\"675\" \/>\n\t<meta property=\"og:image:type\" content=\"image\/webp\" \/>\n<meta name=\"author\" content=\"Marina Clinic Author\" \/>\n<meta name=\"twitter:card\" content=\"summary_large_image\" \/>\n<meta name=\"twitter:label1\" content=\"\u00c9crit par\" \/>\n\t<meta name=\"twitter:data1\" content=\"Marina Clinic Author\" \/>\n\t<meta name=\"twitter:label2\" content=\"Dur\u00e9e de lecture estim\u00e9e\" \/>\n\t<meta name=\"twitter:data2\" content=\"15 minutes\" \/>\n<script type=\"application\/ld+json\" class=\"yoast-schema-graph\">{\"@context\":\"https:\\\/\\\/schema.org\",\"@graph\":[{\"@type\":\"Article\",\"@id\":\"https:\\\/\\\/marina-clinic.com\\\/fr\\\/hair-transplant-candidate-2026\\\/#article\",\"isPartOf\":{\"@id\":\"https:\\\/\\\/marina-clinic.com\\\/fr\\\/hair-transplant-candidate-2026\\\/\"},\"author\":{\"name\":\"Marina Clinic Author\",\"@id\":\"https:\\\/\\\/marina-clinic.com\\\/fr\\\/#\\\/schema\\\/person\\\/10e3f509f1b6275b996b2647da2764b5\"},\"headline\":\"Qui est un bon candidat pour une greffe de cheveux en 2026?\",\"datePublished\":\"2026-04-29T09:32:11+00:00\",\"dateModified\":\"2026-04-29T11:31:44+00:00\",\"mainEntityOfPage\":{\"@id\":\"https:\\\/\\\/marina-clinic.com\\\/fr\\\/hair-transplant-candidate-2026\\\/\"},\"wordCount\":2959,\"commentCount\":0,\"publisher\":{\"@id\":\"https:\\\/\\\/marina-clinic.com\\\/fr\\\/#organization\"},\"image\":{\"@id\":\"https:\\\/\\\/marina-clinic.com\\\/fr\\\/hair-transplant-candidate-2026\\\/#primaryimage\"},\"thumbnailUrl\":\"https:\\\/\\\/marina-clinic.com\\\/wp-content\\\/uploads\\\/2026\\\/04\\\/Who-Is-a-Good-Candidate-for-a-Hair-Transplant-in-2026_.webp\",\"keywords\":[\"FUE Saphir\",\"Greffe de Cheveux Avant et Apr\u00e8s\",\"Greffe de cheveux DHI\",\"Greffe de Cheveux en Turquie\",\"Greffe de cheveux FUE\",\"R\u00e9cup\u00e9ration apr\u00e8s une greffe de cheveux\",\"Techniques de greffe de cheveux\"],\"articleSection\":[\"Greffe de cheveux\"],\"inLanguage\":\"fr-FR\",\"potentialAction\":[{\"@type\":\"CommentAction\",\"name\":\"Comment\",\"target\":[\"https:\\\/\\\/marina-clinic.com\\\/fr\\\/hair-transplant-candidate-2026\\\/#respond\"]}],\"copyrightYear\":\"2026\",\"copyrightHolder\":{\"@id\":\"https:\\\/\\\/marina-clinic.com\\\/#organization\"}},{\"@type\":[\"WebPage\",\"FAQPage\"],\"@id\":\"https:\\\/\\\/marina-clinic.com\\\/fr\\\/hair-transplant-candidate-2026\\\/\",\"url\":\"https:\\\/\\\/marina-clinic.com\\\/fr\\\/hair-transplant-candidate-2026\\\/\",\"name\":\"Qui est un bon candidat pour une greffe de cheveux en 2026? - Marina Clinic\",\"isPartOf\":{\"@id\":\"https:\\\/\\\/marina-clinic.com\\\/fr\\\/#website\"},\"primaryImageOfPage\":{\"@id\":\"https:\\\/\\\/marina-clinic.com\\\/fr\\\/hair-transplant-candidate-2026\\\/#primaryimage\"},\"image\":{\"@id\":\"https:\\\/\\\/marina-clinic.com\\\/fr\\\/hair-transplant-candidate-2026\\\/#primaryimage\"},\"thumbnailUrl\":\"https:\\\/\\\/marina-clinic.com\\\/wp-content\\\/uploads\\\/2026\\\/04\\\/Who-Is-a-Good-Candidate-for-a-Hair-Transplant-in-2026_.webp\",\"datePublished\":\"2026-04-29T09:32:11+00:00\",\"dateModified\":\"2026-04-29T11:31:44+00:00\",\"description\":\"Suis-je un bon candidat pour une greffe de cheveux ? D\u00e9couvrez l\u2019\u00e9claircissement diffus, la perte de cheveux au niveau de la couronne, la zone donneuse et les crit\u00e8res d\u2019\u00e9ligibilit\u00e9 en 2026.\",\"breadcrumb\":{\"@id\":\"https:\\\/\\\/marina-clinic.com\\\/fr\\\/hair-transplant-candidate-2026\\\/#breadcrumb\"},\"mainEntity\":[{\"@id\":\"https:\\\/\\\/marina-clinic.com\\\/fr\\\/hair-transplant-candidate-2026\\\/#faq-question-1777453664557\"},{\"@id\":\"https:\\\/\\\/marina-clinic.com\\\/fr\\\/hair-transplant-candidate-2026\\\/#faq-question-1777453675572\"},{\"@id\":\"https:\\\/\\\/marina-clinic.com\\\/fr\\\/hair-transplant-candidate-2026\\\/#faq-question-1777453676596\"},{\"@id\":\"https:\\\/\\\/marina-clinic.com\\\/fr\\\/hair-transplant-candidate-2026\\\/#faq-question-1777453678514\"},{\"@id\":\"https:\\\/\\\/marina-clinic.com\\\/fr\\\/hair-transplant-candidate-2026\\\/#faq-question-1777453679333\"},{\"@id\":\"https:\\\/\\\/marina-clinic.com\\\/fr\\\/hair-transplant-candidate-2026\\\/#faq-question-1777453681245\"},{\"@id\":\"https:\\\/\\\/marina-clinic.com\\\/fr\\\/hair-transplant-candidate-2026\\\/#faq-question-1777453690639\"}],\"inLanguage\":\"fr-FR\",\"potentialAction\":[{\"@type\":\"ReadAction\",\"target\":[\"https:\\\/\\\/marina-clinic.com\\\/fr\\\/hair-transplant-candidate-2026\\\/\"]}]},{\"@type\":\"ImageObject\",\"inLanguage\":\"fr-FR\",\"@id\":\"https:\\\/\\\/marina-clinic.com\\\/fr\\\/hair-transplant-candidate-2026\\\/#primaryimage\",\"url\":\"https:\\\/\\\/marina-clinic.com\\\/wp-content\\\/uploads\\\/2026\\\/04\\\/Who-Is-a-Good-Candidate-for-a-Hair-Transplant-in-2026_.webp\",\"contentUrl\":\"https:\\\/\\\/marina-clinic.com\\\/wp-content\\\/uploads\\\/2026\\\/04\\\/Who-Is-a-Good-Candidate-for-a-Hair-Transplant-in-2026_.webp\",\"width\":1200,\"height\":675,\"caption\":\"Who Is a Good Candidate for a Hair Transplant in 2026_\"},{\"@type\":\"BreadcrumbList\",\"@id\":\"https:\\\/\\\/marina-clinic.com\\\/fr\\\/hair-transplant-candidate-2026\\\/#breadcrumb\",\"itemListElement\":[{\"@type\":\"ListItem\",\"position\":1,\"name\":\"Accueil\",\"item\":\"https:\\\/\\\/marina-clinic.com\\\/fr\\\/\"},{\"@type\":\"ListItem\",\"position\":2,\"name\":\"Accueil > Guide de greffe de cheveux > Candidat \u00e0 la greffe de cheveux 2026\"}]},{\"@type\":\"WebSite\",\"@id\":\"https:\\\/\\\/marina-clinic.com\\\/fr\\\/#website\",\"url\":\"https:\\\/\\\/marina-clinic.com\\\/fr\\\/\",\"name\":\"Marina Clinic\",\"description\":\"Marina Clinic \u2013 World-Class Dental Implants, Hollywood Smile, Hair transplant &amp; Cosmetic Dentistry in Turkey\",\"publisher\":{\"@id\":\"https:\\\/\\\/marina-clinic.com\\\/fr\\\/#organization\"},\"potentialAction\":[{\"@type\":\"SearchAction\",\"target\":{\"@type\":\"EntryPoint\",\"urlTemplate\":\"https:\\\/\\\/marina-clinic.com\\\/fr\\\/?s={search_term_string}\"},\"query-input\":{\"@type\":\"PropertyValueSpecification\",\"valueRequired\":true,\"valueName\":\"search_term_string\"}}],\"inLanguage\":\"fr-FR\"},{\"@type\":[\"Organization\",\"Place\"],\"@id\":\"https:\\\/\\\/marina-clinic.com\\\/fr\\\/#organization\",\"name\":\"Marina Clinic\",\"url\":\"https:\\\/\\\/marina-clinic.com\\\/fr\\\/\",\"logo\":{\"@id\":\"https:\\\/\\\/marina-clinic.com\\\/fr\\\/hair-transplant-candidate-2026\\\/#local-main-organization-logo\"},\"image\":{\"@id\":\"https:\\\/\\\/marina-clinic.com\\\/fr\\\/hair-transplant-candidate-2026\\\/#local-main-organization-logo\"},\"telephone\":[],\"openingHoursSpecification\":[{\"@type\":\"OpeningHoursSpecification\",\"dayOfWeek\":[\"Monday\",\"Tuesday\",\"Wednesday\",\"Thursday\",\"Friday\",\"Saturday\",\"Sunday\"],\"opens\":\"09:00\",\"closes\":\"17:00\"}]},{\"@type\":\"Person\",\"@id\":\"https:\\\/\\\/marina-clinic.com\\\/fr\\\/#\\\/schema\\\/person\\\/10e3f509f1b6275b996b2647da2764b5\",\"name\":\"Marina Clinic Author\",\"image\":{\"@type\":\"ImageObject\",\"inLanguage\":\"fr-FR\",\"@id\":\"https:\\\/\\\/marina-clinic.com\\\/wp-content\\\/litespeed\\\/avatar\\\/d574c146025ab275d018e1f5ea57d268.jpg?ver=1777462439\",\"url\":\"https:\\\/\\\/marina-clinic.com\\\/wp-content\\\/litespeed\\\/avatar\\\/d574c146025ab275d018e1f5ea57d268.jpg?ver=1777462439\",\"contentUrl\":\"https:\\\/\\\/marina-clinic.com\\\/wp-content\\\/litespeed\\\/avatar\\\/d574c146025ab275d018e1f5ea57d268.jpg?ver=1777462439\",\"caption\":\"Marina Clinic Author\"},\"url\":\"https:\\\/\\\/marina-clinic.com\\\/fr\\\/author\\\/adib\\\/\"},{\"@type\":\"Question\",\"@id\":\"https:\\\/\\\/marina-clinic.com\\\/fr\\\/hair-transplant-candidate-2026\\\/#faq-question-1777453664557\",\"position\":1,\"url\":\"https:\\\/\\\/marina-clinic.com\\\/fr\\\/hair-transplant-candidate-2026\\\/#faq-question-1777453664557\",\"name\":\"Suis-je un bon candidat pour une greffe de cheveux ?\",\"answerCount\":1,\"acceptedAnswer\":{\"@type\":\"Answer\",\"text\":\"Si vous pr\u00e9sentez une perte de cheveux stable et une bonne zone donneuse, vous pouvez \u00eatre un bon candidat. Une \u00e9valuation m\u00e9dicale est toutefois n\u00e9cessaire pour confirmer votre \u00e9ligibilit\u00e9.\",\"inLanguage\":\"fr-FR\"},\"inLanguage\":\"fr-FR\"},{\"@type\":\"Question\",\"@id\":\"https:\\\/\\\/marina-clinic.com\\\/fr\\\/hair-transplant-candidate-2026\\\/#faq-question-1777453675572\",\"position\":2,\"url\":\"https:\\\/\\\/marina-clinic.com\\\/fr\\\/hair-transplant-candidate-2026\\\/#faq-question-1777453675572\",\"name\":\"Peut-on faire une greffe de cheveux sur des cheveux clairsem\u00e9s ?\",\"answerCount\":1,\"acceptedAnswer\":{\"@type\":\"Answer\",\"text\":\"Oui, la greffe de cheveux peut \u00eatre r\u00e9alis\u00e9e sur des cheveux clairsem\u00e9s, mais la densit\u00e9 finale d\u00e9pend de la qualit\u00e9 de la zone donneuse et du degr\u00e9 de perte capillaire.\",\"inLanguage\":\"fr-FR\"},\"inLanguage\":\"fr-FR\"},{\"@type\":\"Question\",\"@id\":\"https:\\\/\\\/marina-clinic.com\\\/fr\\\/hair-transplant-candidate-2026\\\/#faq-question-1777453676596\",\"position\":3,\"url\":\"https:\\\/\\\/marina-clinic.com\\\/fr\\\/hair-transplant-candidate-2026\\\/#faq-question-1777453676596\",\"name\":\"La greffe de cheveux est-elle efficace pour l\u2019\u00e9claircissement diffus ?\",\"answerCount\":1,\"acceptedAnswer\":{\"@type\":\"Answer\",\"text\":\"Dans certains cas s\u00e9lectionn\u00e9s, oui. Cependant, l\u2019\u00e9claircissement diffus n\u00e9cessite une \u00e9valuation tr\u00e8s pr\u00e9cise car tous les patients ne sont pas de bons candidats.\",\"inLanguage\":\"fr-FR\"},\"inLanguage\":\"fr-FR\"},{\"@type\":\"Question\",\"@id\":\"https:\\\/\\\/marina-clinic.com\\\/fr\\\/hair-transplant-candidate-2026\\\/#faq-question-1777453678514\",\"position\":4,\"url\":\"https:\\\/\\\/marina-clinic.com\\\/fr\\\/hair-transplant-candidate-2026\\\/#faq-question-1777453678514\",\"name\":\"La chute apr\u00e8s la greffe signifie-t-elle un \u00e9chec ?\",\"answerCount\":1,\"acceptedAnswer\":{\"@type\":\"Answer\",\"text\":\"Non, la chute temporaire (shock loss) est une \u00e9tape normale du processus de gu\u00e9rison et ne signifie pas un \u00e9chec de la greffe.\",\"inLanguage\":\"fr-FR\"},\"inLanguage\":\"fr-FR\"},{\"@type\":\"Question\",\"@id\":\"https:\\\/\\\/marina-clinic.com\\\/fr\\\/hair-transplant-candidate-2026\\\/#faq-question-1777453679333\",\"position\":5,\"url\":\"https:\\\/\\\/marina-clinic.com\\\/fr\\\/hair-transplant-candidate-2026\\\/#faq-question-1777453679333\",\"name\":\"\u00c0 4 mois apr\u00e8s la greffe et toujours peu de densit\u00e9, est-ce normal ?\",\"answerCount\":1,\"acceptedAnswer\":{\"@type\":\"Answer\",\"text\":\"Oui, c\u2019est normal. La repousse visible commence g\u00e9n\u00e9ralement entre 4 et 6 mois, tandis que les r\u00e9sultats finaux apparaissent apr\u00e8s environ 12 mois.\",\"inLanguage\":\"fr-FR\"},\"inLanguage\":\"fr-FR\"},{\"@type\":\"Question\",\"@id\":\"https:\\\/\\\/marina-clinic.com\\\/fr\\\/hair-transplant-candidate-2026\\\/#faq-question-1777453681245\",\"position\":6,\"url\":\"https:\\\/\\\/marina-clinic.com\\\/fr\\\/hair-transplant-candidate-2026\\\/#faq-question-1777453681245\",\"name\":\"Est-il trop tard pour une greffe de cheveux ?\",\"answerCount\":1,\"acceptedAnswer\":{\"@type\":\"Answer\",\"text\":\"Cela d\u00e9pend principalement de la qualit\u00e9 de la zone donneuse et non uniquement du degr\u00e9 de calvitie. M\u00eame les cas avanc\u00e9s peuvent parfois \u00eatre trait\u00e9s.<br>\",\"inLanguage\":\"fr-FR\"},\"inLanguage\":\"fr-FR\"},{\"@type\":\"Question\",\"@id\":\"https:\\\/\\\/marina-clinic.com\\\/fr\\\/hair-transplant-candidate-2026\\\/#faq-question-1777453690639\",\"position\":7,\"url\":\"https:\\\/\\\/marina-clinic.com\\\/fr\\\/hair-transplant-candidate-2026\\\/#faq-question-1777453690639\",\"name\":\"Combien de greffons sont n\u00e9cessaires ?\",\"answerCount\":1,\"acceptedAnswer\":{\"@type\":\"Answer\",\"text\":\"Le nombre de greffons varie g\u00e9n\u00e9ralement entre 1000 et 5000 selon la s\u00e9v\u00e9rit\u00e9 de la perte de cheveux et la densit\u00e9 souhait\u00e9e.\",\"inLanguage\":\"fr-FR\"},\"inLanguage\":\"fr-FR\"},{\"@type\":\"ImageObject\",\"inLanguage\":\"fr-FR\",\"@id\":\"https:\\\/\\\/marina-clinic.com\\\/fr\\\/hair-transplant-candidate-2026\\\/#local-main-organization-logo\",\"url\":\"https:\\\/\\\/marina-clinic.com\\\/wp-content\\\/uploads\\\/2025\\\/09\\\/Marina-web-190-70-Logo.png\",\"contentUrl\":\"https:\\\/\\\/marina-clinic.com\\\/wp-content\\\/uploads\\\/2025\\\/09\\\/Marina-web-190-70-Logo.png\",\"width\":190,\"height\":70,\"caption\":\"Marina Clinic\"}]}<\/script>\n<!-- \/ Yoast SEO Premium plugin. -->","yoast_head_json":{"title":"Qui est un bon candidat pour une greffe de cheveux en 2026? - Marina Clinic","description":"Suis-je un bon candidat pour une greffe de cheveux ? D\u00e9couvrez l\u2019\u00e9claircissement diffus, la perte de cheveux au niveau de la couronne, la zone donneuse et les crit\u00e8res d\u2019\u00e9ligibilit\u00e9 en 2026.","robots":{"index":"index","follow":"follow","max-snippet":"max-snippet:-1","max-image-preview":"max-image-preview:large","max-video-preview":"max-video-preview:-1"},"canonical":"https:\/\/marina-clinic.com\/fr\/hair-transplant-candidate-2026\/","og_locale":"fr_FR","og_type":"article","og_title":"Qui est un bon candidat pour une greffe de cheveux en 2026?","og_description":"Suis-je un bon candidat pour une greffe de cheveux ? D\u00e9couvrez l\u2019\u00e9claircissement diffus, la perte de cheveux au niveau de la couronne, la zone donneuse et les crit\u00e8res d\u2019\u00e9ligibilit\u00e9 en 2026.","og_url":"https:\/\/marina-clinic.com\/fr\/hair-transplant-candidate-2026\/","og_site_name":"Marina Clinic","article_published_time":"2026-04-29T09:32:11+00:00","article_modified_time":"2026-04-29T11:31:44+00:00","og_image":[{"width":1200,"height":675,"url":"https:\/\/marina-clinic.com\/wp-content\/uploads\/2026\/04\/Who-Is-a-Good-Candidate-for-a-Hair-Transplant-in-2026_.webp","type":"image\/webp"}],"author":"Marina Clinic Author","twitter_card":"summary_large_image","twitter_misc":{"\u00c9crit par":"Marina Clinic Author","Dur\u00e9e de lecture estim\u00e9e":"15 minutes"},"schema":{"@context":"https:\/\/schema.org","@graph":[{"@type":"Article","@id":"https:\/\/marina-clinic.com\/fr\/hair-transplant-candidate-2026\/#article","isPartOf":{"@id":"https:\/\/marina-clinic.com\/fr\/hair-transplant-candidate-2026\/"},"author":{"name":"Marina Clinic Author","@id":"https:\/\/marina-clinic.com\/fr\/#\/schema\/person\/10e3f509f1b6275b996b2647da2764b5"},"headline":"Qui est un bon candidat pour une greffe de cheveux en 2026?","datePublished":"2026-04-29T09:32:11+00:00","dateModified":"2026-04-29T11:31:44+00:00","mainEntityOfPage":{"@id":"https:\/\/marina-clinic.com\/fr\/hair-transplant-candidate-2026\/"},"wordCount":2959,"commentCount":0,"publisher":{"@id":"https:\/\/marina-clinic.com\/fr\/#organization"},"image":{"@id":"https:\/\/marina-clinic.com\/fr\/hair-transplant-candidate-2026\/#primaryimage"},"thumbnailUrl":"https:\/\/marina-clinic.com\/wp-content\/uploads\/2026\/04\/Who-Is-a-Good-Candidate-for-a-Hair-Transplant-in-2026_.webp","keywords":["FUE Saphir","Greffe de Cheveux Avant et Apr\u00e8s","Greffe de cheveux DHI","Greffe de Cheveux en Turquie","Greffe de cheveux FUE","R\u00e9cup\u00e9ration apr\u00e8s une greffe de cheveux","Techniques de greffe de cheveux"],"articleSection":["Greffe de cheveux"],"inLanguage":"fr-FR","potentialAction":[{"@type":"CommentAction","name":"Comment","target":["https:\/\/marina-clinic.com\/fr\/hair-transplant-candidate-2026\/#respond"]}],"copyrightYear":"2026","copyrightHolder":{"@id":"https:\/\/marina-clinic.com\/#organization"}},{"@type":["WebPage","FAQPage"],"@id":"https:\/\/marina-clinic.com\/fr\/hair-transplant-candidate-2026\/","url":"https:\/\/marina-clinic.com\/fr\/hair-transplant-candidate-2026\/","name":"Qui est un bon candidat pour une greffe de cheveux en 2026? - Marina Clinic","isPartOf":{"@id":"https:\/\/marina-clinic.com\/fr\/#website"},"primaryImageOfPage":{"@id":"https:\/\/marina-clinic.com\/fr\/hair-transplant-candidate-2026\/#primaryimage"},"image":{"@id":"https:\/\/marina-clinic.com\/fr\/hair-transplant-candidate-2026\/#primaryimage"},"thumbnailUrl":"https:\/\/marina-clinic.com\/wp-content\/uploads\/2026\/04\/Who-Is-a-Good-Candidate-for-a-Hair-Transplant-in-2026_.webp","datePublished":"2026-04-29T09:32:11+00:00","dateModified":"2026-04-29T11:31:44+00:00","description":"Suis-je un bon candidat pour une greffe de cheveux ? D\u00e9couvrez l\u2019\u00e9claircissement diffus, la perte de cheveux au niveau de la couronne, la zone donneuse et les crit\u00e8res d\u2019\u00e9ligibilit\u00e9 en 2026.","breadcrumb":{"@id":"https:\/\/marina-clinic.com\/fr\/hair-transplant-candidate-2026\/#breadcrumb"},"mainEntity":[{"@id":"https:\/\/marina-clinic.com\/fr\/hair-transplant-candidate-2026\/#faq-question-1777453664557"},{"@id":"https:\/\/marina-clinic.com\/fr\/hair-transplant-candidate-2026\/#faq-question-1777453675572"},{"@id":"https:\/\/marina-clinic.com\/fr\/hair-transplant-candidate-2026\/#faq-question-1777453676596"},{"@id":"https:\/\/marina-clinic.com\/fr\/hair-transplant-candidate-2026\/#faq-question-1777453678514"},{"@id":"https:\/\/marina-clinic.com\/fr\/hair-transplant-candidate-2026\/#faq-question-1777453679333"},{"@id":"https:\/\/marina-clinic.com\/fr\/hair-transplant-candidate-2026\/#faq-question-1777453681245"},{"@id":"https:\/\/marina-clinic.com\/fr\/hair-transplant-candidate-2026\/#faq-question-1777453690639"}],"inLanguage":"fr-FR","potentialAction":[{"@type":"ReadAction","target":["https:\/\/marina-clinic.com\/fr\/hair-transplant-candidate-2026\/"]}]},{"@type":"ImageObject","inLanguage":"fr-FR","@id":"https:\/\/marina-clinic.com\/fr\/hair-transplant-candidate-2026\/#primaryimage","url":"https:\/\/marina-clinic.com\/wp-content\/uploads\/2026\/04\/Who-Is-a-Good-Candidate-for-a-Hair-Transplant-in-2026_.webp","contentUrl":"https:\/\/marina-clinic.com\/wp-content\/uploads\/2026\/04\/Who-Is-a-Good-Candidate-for-a-Hair-Transplant-in-2026_.webp","width":1200,"height":675,"caption":"Who Is a Good Candidate for a Hair Transplant in 2026_"},{"@type":"BreadcrumbList","@id":"https:\/\/marina-clinic.com\/fr\/hair-transplant-candidate-2026\/#breadcrumb","itemListElement":[{"@type":"ListItem","position":1,"name":"Accueil","item":"https:\/\/marina-clinic.com\/fr\/"},{"@type":"ListItem","position":2,"name":"Accueil > Guide de greffe de cheveux > Candidat \u00e0 la greffe de cheveux 2026"}]},{"@type":"WebSite","@id":"https:\/\/marina-clinic.com\/fr\/#website","url":"https:\/\/marina-clinic.com\/fr\/","name":"Marina Clinic","description":"Marina Clinic \u2013 World-Class Dental Implants, Hollywood Smile, Hair transplant &amp; Cosmetic Dentistry in Turkey","publisher":{"@id":"https:\/\/marina-clinic.com\/fr\/#organization"},"potentialAction":[{"@type":"SearchAction","target":{"@type":"EntryPoint","urlTemplate":"https:\/\/marina-clinic.com\/fr\/?s={search_term_string}"},"query-input":{"@type":"PropertyValueSpecification","valueRequired":true,"valueName":"search_term_string"}}],"inLanguage":"fr-FR"},{"@type":["Organization","Place"],"@id":"https:\/\/marina-clinic.com\/fr\/#organization","name":"Marina Clinic","url":"https:\/\/marina-clinic.com\/fr\/","logo":{"@id":"https:\/\/marina-clinic.com\/fr\/hair-transplant-candidate-2026\/#local-main-organization-logo"},"image":{"@id":"https:\/\/marina-clinic.com\/fr\/hair-transplant-candidate-2026\/#local-main-organization-logo"},"telephone":[],"openingHoursSpecification":[{"@type":"OpeningHoursSpecification","dayOfWeek":["Monday","Tuesday","Wednesday","Thursday","Friday","Saturday","Sunday"],"opens":"09:00","closes":"17:00"}]},{"@type":"Person","@id":"https:\/\/marina-clinic.com\/fr\/#\/schema\/person\/10e3f509f1b6275b996b2647da2764b5","name":"Marina Clinic Author","image":{"@type":"ImageObject","inLanguage":"fr-FR","@id":"https:\/\/marina-clinic.com\/wp-content\/litespeed\/avatar\/d574c146025ab275d018e1f5ea57d268.jpg?ver=1777462439","url":"https:\/\/marina-clinic.com\/wp-content\/litespeed\/avatar\/d574c146025ab275d018e1f5ea57d268.jpg?ver=1777462439","contentUrl":"https:\/\/marina-clinic.com\/wp-content\/litespeed\/avatar\/d574c146025ab275d018e1f5ea57d268.jpg?ver=1777462439","caption":"Marina Clinic Author"},"url":"https:\/\/marina-clinic.com\/fr\/author\/adib\/"},{"@type":"Question","@id":"https:\/\/marina-clinic.com\/fr\/hair-transplant-candidate-2026\/#faq-question-1777453664557","position":1,"url":"https:\/\/marina-clinic.com\/fr\/hair-transplant-candidate-2026\/#faq-question-1777453664557","name":"Suis-je un bon candidat pour une greffe de cheveux ?","answerCount":1,"acceptedAnswer":{"@type":"Answer","text":"Si vous pr\u00e9sentez une perte de cheveux stable et une bonne zone donneuse, vous pouvez \u00eatre un bon candidat. Une \u00e9valuation m\u00e9dicale est toutefois n\u00e9cessaire pour confirmer votre \u00e9ligibilit\u00e9.","inLanguage":"fr-FR"},"inLanguage":"fr-FR"},{"@type":"Question","@id":"https:\/\/marina-clinic.com\/fr\/hair-transplant-candidate-2026\/#faq-question-1777453675572","position":2,"url":"https:\/\/marina-clinic.com\/fr\/hair-transplant-candidate-2026\/#faq-question-1777453675572","name":"Peut-on faire une greffe de cheveux sur des cheveux clairsem\u00e9s ?","answerCount":1,"acceptedAnswer":{"@type":"Answer","text":"Oui, la greffe de cheveux peut \u00eatre r\u00e9alis\u00e9e sur des cheveux clairsem\u00e9s, mais la densit\u00e9 finale d\u00e9pend de la qualit\u00e9 de la zone donneuse et du degr\u00e9 de perte capillaire.","inLanguage":"fr-FR"},"inLanguage":"fr-FR"},{"@type":"Question","@id":"https:\/\/marina-clinic.com\/fr\/hair-transplant-candidate-2026\/#faq-question-1777453676596","position":3,"url":"https:\/\/marina-clinic.com\/fr\/hair-transplant-candidate-2026\/#faq-question-1777453676596","name":"La greffe de cheveux est-elle efficace pour l\u2019\u00e9claircissement diffus ?","answerCount":1,"acceptedAnswer":{"@type":"Answer","text":"Dans certains cas s\u00e9lectionn\u00e9s, oui. Cependant, l\u2019\u00e9claircissement diffus n\u00e9cessite une \u00e9valuation tr\u00e8s pr\u00e9cise car tous les patients ne sont pas de bons candidats.","inLanguage":"fr-FR"},"inLanguage":"fr-FR"},{"@type":"Question","@id":"https:\/\/marina-clinic.com\/fr\/hair-transplant-candidate-2026\/#faq-question-1777453678514","position":4,"url":"https:\/\/marina-clinic.com\/fr\/hair-transplant-candidate-2026\/#faq-question-1777453678514","name":"La chute apr\u00e8s la greffe signifie-t-elle un \u00e9chec ?","answerCount":1,"acceptedAnswer":{"@type":"Answer","text":"Non, la chute temporaire (shock loss) est une \u00e9tape normale du processus de gu\u00e9rison et ne signifie pas un \u00e9chec de la greffe.","inLanguage":"fr-FR"},"inLanguage":"fr-FR"},{"@type":"Question","@id":"https:\/\/marina-clinic.com\/fr\/hair-transplant-candidate-2026\/#faq-question-1777453679333","position":5,"url":"https:\/\/marina-clinic.com\/fr\/hair-transplant-candidate-2026\/#faq-question-1777453679333","name":"\u00c0 4 mois apr\u00e8s la greffe et toujours peu de densit\u00e9, est-ce normal ?","answerCount":1,"acceptedAnswer":{"@type":"Answer","text":"Oui, c\u2019est normal. La repousse visible commence g\u00e9n\u00e9ralement entre 4 et 6 mois, tandis que les r\u00e9sultats finaux apparaissent apr\u00e8s environ 12 mois.","inLanguage":"fr-FR"},"inLanguage":"fr-FR"},{"@type":"Question","@id":"https:\/\/marina-clinic.com\/fr\/hair-transplant-candidate-2026\/#faq-question-1777453681245","position":6,"url":"https:\/\/marina-clinic.com\/fr\/hair-transplant-candidate-2026\/#faq-question-1777453681245","name":"Est-il trop tard pour une greffe de cheveux ?","answerCount":1,"acceptedAnswer":{"@type":"Answer","text":"Cela d\u00e9pend principalement de la qualit\u00e9 de la zone donneuse et non uniquement du degr\u00e9 de calvitie. M\u00eame les cas avanc\u00e9s peuvent parfois \u00eatre trait\u00e9s.<br>","inLanguage":"fr-FR"},"inLanguage":"fr-FR"},{"@type":"Question","@id":"https:\/\/marina-clinic.com\/fr\/hair-transplant-candidate-2026\/#faq-question-1777453690639","position":7,"url":"https:\/\/marina-clinic.com\/fr\/hair-transplant-candidate-2026\/#faq-question-1777453690639","name":"Combien de greffons sont n\u00e9cessaires ?","answerCount":1,"acceptedAnswer":{"@type":"Answer","text":"Le nombre de greffons varie g\u00e9n\u00e9ralement entre 1000 et 5000 selon la s\u00e9v\u00e9rit\u00e9 de la perte de cheveux et la densit\u00e9 souhait\u00e9e.","inLanguage":"fr-FR"},"inLanguage":"fr-FR"},{"@type":"ImageObject","inLanguage":"fr-FR","@id":"https:\/\/marina-clinic.com\/fr\/hair-transplant-candidate-2026\/#local-main-organization-logo","url":"https:\/\/marina-clinic.com\/wp-content\/uploads\/2025\/09\/Marina-web-190-70-Logo.png","contentUrl":"https:\/\/marina-clinic.com\/wp-content\/uploads\/2025\/09\/Marina-web-190-70-Logo.png","width":190,"height":70,"caption":"Marina Clinic"}]}},"amp_enabled":true,"_links":{"self":[{"href":"https:\/\/marina-clinic.com\/fr\/wp-json\/wp\/v2\/posts\/13847","targetHints":{"allow":["GET"]}}],"collection":[{"href":"https:\/\/marina-clinic.com\/fr\/wp-json\/wp\/v2\/posts"}],"about":[{"href":"https:\/\/marina-clinic.com\/fr\/wp-json\/wp\/v2\/types\/post"}],"author":[{"embeddable":true,"href":"https:\/\/marina-clinic.com\/fr\/wp-json\/wp\/v2\/users\/2"}],"replies":[{"embeddable":true,"href":"https:\/\/marina-clinic.com\/fr\/wp-json\/wp\/v2\/comments?post=13847"}],"version-history":[{"count":3,"href":"https:\/\/marina-clinic.com\/fr\/wp-json\/wp\/v2\/posts\/13847\/revisions"}],"predecessor-version":[{"id":13859,"href":"https:\/\/marina-clinic.com\/fr\/wp-json\/wp\/v2\/posts\/13847\/revisions\/13859"}],"wp:featuredmedia":[{"embeddable":true,"href":"https:\/\/marina-clinic.com\/fr\/wp-json\/wp\/v2\/media\/13848"}],"wp:attachment":[{"href":"https:\/\/marina-clinic.com\/fr\/wp-json\/wp\/v2\/media?parent=13847"}],"wp:term":[{"taxonomy":"category","embeddable":true,"href":"https:\/\/marina-clinic.com\/fr\/wp-json\/wp\/v2\/categories?post=13847"},{"taxonomy":"post_tag","embeddable":true,"href":"https:\/\/marina-clinic.com\/fr\/wp-json\/wp\/v2\/tags?post=13847"}],"curies":[{"name":"wp","href":"https:\/\/api.w.org\/{rel}","templated":true}]}}