{"id":22828,"date":"2026-08-31T09:20:49","date_gmt":"2026-08-31T09:20:49","guid":{"rendered":"https:\/\/marina-clinic.com\/medications-before-veneers\/"},"modified":"2026-08-31T11:17:41","modified_gmt":"2026-08-31T11:17:41","slug":"medications-before-veneers","status":"publish","type":"post","link":"https:\/\/marina-clinic.com\/fr\/medications-before-veneers\/","title":{"rendered":"Les m\u00e9dicaments peuvent-ils affecter le traitement par facettes dentaires ? Ce que vous devez dire \u00e0 votre dentiste avant la proc\u00e9dure"},"content":{"rendered":"\n<p>Certains m\u00e9dicaments peuvent influencer le traitement par facettes dentaires en modifiant la sant\u00e9 des gencives, les saignements, l\u2019inflammation, la cicatrisation, la salivation ou la r\u00e9ponse de l\u2019organisme aux infections. Cela ne signifie toutefois pas que les facettes sont contre-indiqu\u00e9es. Dans de nombreux cas, le traitement peut \u00eatre r\u00e9alis\u00e9 apr\u00e8s une \u00e9valuation des m\u00e9dicaments utilis\u00e9s, de leur dose, de la maladie sous-jacente et de l\u2019\u00e9tat bucco-dentaire.<\/p>\n\n\n\n<div id=\"ez-toc-container\" class=\"ez-toc-v2_0_76 counter-hierarchy ez-toc-counter ez-toc-grey ez-toc-container-direction\">\n<div class=\"ez-toc-title-container\">\n<p class=\"ez-toc-title\" style=\"cursor:inherit\"><\/p>\n<span class=\"ez-toc-title-toggle\"><a href=\"#\" class=\"ez-toc-pull-right ez-toc-btn ez-toc-btn-xs ez-toc-btn-default ez-toc-toggle\" aria-label=\"Toggle Table of Content\"><span class=\"ez-toc-js-icon-con\"><span class=\"\"><span class=\"eztoc-hide\" style=\"display:none;\">Toggle<\/span><span class=\"ez-toc-icon-toggle-span\"><svg style=\"fill: #999;color:#999\" xmlns=\"http:\/\/www.w3.org\/2000\/svg\" class=\"list-377408\" width=\"20px\" height=\"20px\" viewBox=\"0 0 24 24\" fill=\"none\"><path d=\"M6 6H4v2h2V6zm14 0H8v2h12V6zM4 11h2v2H4v-2zm16 0H8v2h12v-2zM4 16h2v2H4v-2zm16 0H8v2h12v-2z\" fill=\"currentColor\"><\/path><\/svg><svg style=\"fill: #999;color:#999\" class=\"arrow-unsorted-368013\" xmlns=\"http:\/\/www.w3.org\/2000\/svg\" width=\"10px\" height=\"10px\" viewBox=\"0 0 24 24\" version=\"1.2\" baseProfile=\"tiny\"><path d=\"M18.2 9.3l-6.2-6.3-6.2 6.3c-.2.2-.3.4-.3.7s.1.5.3.7c.2.2.4.3.7.3h11c.3 0 .5-.1.7-.3.2-.2.3-.5.3-.7s-.1-.5-.3-.7zM5.8 14.7l6.2 6.3 6.2-6.3c.2-.2.3-.5.3-.7s-.1-.5-.3-.7c-.2-.2-.4-.3-.7-.3h-11c-.3 0-.5.1-.7.3-.2.2-.3.5-.3.7s.1.5.3.7z\"\/><\/svg><\/span><\/span><\/span><\/a><\/span><\/div>\n<nav><ul class='ez-toc-list ez-toc-list-level-1 ' ><li class='ez-toc-page-1 ez-toc-heading-level-2'><a class=\"ez-toc-link ez-toc-heading-1\" href=\"https:\/\/marina-clinic.com\/fr\/medications-before-veneers\/#Les_medicaments_peuvent-ils_affecter_le_traitement_par_facettes_dentaires\" >Les m\u00e9dicaments peuvent-ils affecter le traitement par facettes dentaires?<\/a><\/li><li class='ez-toc-page-1 ez-toc-heading-level-2'><a class=\"ez-toc-link ez-toc-heading-2\" href=\"https:\/\/marina-clinic.com\/fr\/medications-before-veneers\/#Pourquoi_votre_dentiste_doit-il_connaitre_les_medicaments_que_vous_prenez\" >Pourquoi votre dentiste doit-il conna\u00eetre les m\u00e9dicaments que vous prenez?<\/a><\/li><li class='ez-toc-page-1 ez-toc-heading-level-2'><a class=\"ez-toc-link ez-toc-heading-3\" href=\"https:\/\/marina-clinic.com\/fr\/medications-before-veneers\/#Les_medicaments_immunosuppresseurs_peuvent-ils_affecter_le_traitement_par_facettes\" >Les m\u00e9dicaments immunosuppresseurs peuvent-ils affecter le traitement par facettes?<\/a><\/li><li class='ez-toc-page-1 ez-toc-heading-level-2'><a class=\"ez-toc-link ez-toc-heading-4\" href=\"https:\/\/marina-clinic.com\/fr\/medications-before-veneers\/#Un_traitement_prolonge_par_corticoides_peut-il_affecter_la_cicatrisation_des_facettes\" >Un traitement prolong\u00e9 par cortico\u00efdes peut-il affecter la cicatrisation des facettes?<\/a><\/li><li class='ez-toc-page-1 ez-toc-heading-level-2'><a class=\"ez-toc-link ez-toc-heading-5\" href=\"https:\/\/marina-clinic.com\/fr\/medications-before-veneers\/#Comment_les_medicaments_affectent-ils_la_cicatrisation_des_gencives_apres_la_pose_de_facettes\" >Comment les m\u00e9dicaments affectent-ils la cicatrisation des gencives apr\u00e8s la pose de facettes?<\/a><\/li><li class='ez-toc-page-1 ez-toc-heading-level-2'><a class=\"ez-toc-link ez-toc-heading-6\" href=\"https:\/\/marina-clinic.com\/fr\/medications-before-veneers\/#Les_medicaments_peuvent-ils_augmenter_le_risque_dinfection_apres_la_pose_de_facettes\" >Les m\u00e9dicaments peuvent-ils augmenter le risque d\u2019infection apr\u00e8s la pose de facettes?<\/a><\/li><li class='ez-toc-page-1 ez-toc-heading-level-2'><a class=\"ez-toc-link ez-toc-heading-7\" href=\"https:\/\/marina-clinic.com\/fr\/medications-before-veneers\/#Quels_autres_medicaments_peuvent_etre_importants_avant_un_traitement_par_facettes\" >Quels autres m\u00e9dicaments peuvent \u00eatre importants avant un traitement par facettes?<\/a><\/li><li class='ez-toc-page-1 ez-toc-heading-level-2'><a class=\"ez-toc-link ez-toc-heading-8\" href=\"https:\/\/marina-clinic.com\/fr\/medications-before-veneers\/#Que_devez-vous_dire_a_votre_dentiste_avant_de_recevoir_des_facettes\" >Que devez-vous dire \u00e0 votre dentiste avant de recevoir des facettes?<\/a><\/li><li class='ez-toc-page-1 ez-toc-heading-level-2'><a class=\"ez-toc-link ez-toc-heading-9\" href=\"https:\/\/marina-clinic.com\/fr\/medications-before-veneers\/#Faut-il_arreter_un_medicament_avant_un_traitement_par_facettes\" >Faut-il arr\u00eater un m\u00e9dicament avant un traitement par facettes?<\/a><\/li><li class='ez-toc-page-1 ez-toc-heading-level-2'><a class=\"ez-toc-link ez-toc-heading-10\" href=\"https:\/\/marina-clinic.com\/fr\/medications-before-veneers\/#Quand_votre_dentiste_peut-il_demander_un_avis_medical\" >Quand votre dentiste peut-il demander un avis m\u00e9dical?<\/a><\/li><li class='ez-toc-page-1 ez-toc-heading-level-2'><a class=\"ez-toc-link ez-toc-heading-11\" href=\"https:\/\/marina-clinic.com\/fr\/medications-before-veneers\/#Pouvez-vous_quand_meme_avoir_des_facettes_si_vous_prenez_des_immunosuppresseurs_ou_des_corticoides\" >Pouvez-vous quand m\u00eame avoir des facettes si vous prenez des immunosuppresseurs ou des cortico\u00efdes?<\/a><\/li><li class='ez-toc-page-1 ez-toc-heading-level-2'><a class=\"ez-toc-link ez-toc-heading-12\" href=\"https:\/\/marina-clinic.com\/fr\/medications-before-veneers\/#Comment_le_dentiste_prepare-t-il_la_pose_de_facettes_chez_les_patients_qui_prennent_des_medicaments_au_long_cours\" >Comment le dentiste pr\u00e9pare-t-il la pose de facettes chez les patients qui prennent des m\u00e9dicaments au long cours ?<\/a><\/li><li class='ez-toc-page-1 ez-toc-heading-level-2'><a class=\"ez-toc-link ez-toc-heading-13\" href=\"https:\/\/marina-clinic.com\/fr\/medications-before-veneers\/#FAQ\" >FAQ<\/a><\/li><\/ul><\/nav><\/div>\n<h2 class=\"wp-block-heading\" id=\"h-les-medicaments-peuvent-ils-affecter-le-traitement-par-facettes-dentaires\"><span class=\"ez-toc-section\" id=\"Les_medicaments_peuvent-ils_affecter_le_traitement_par_facettes_dentaires\"><\/span>Les m\u00e9dicaments peuvent-ils affecter le traitement par facettes dentaires?<span class=\"ez-toc-section-end\"><\/span><\/h2>\n\n\n\n<p>Oui, certains m\u00e9dicaments peuvent avoir une influence sur le traitement par facettes dentaires, mais ils n\u2019interagissent g\u00e9n\u00e9ralement pas directement avec la facette en porcelaine. La facette est <a href=\"https:\/\/dumas.ccsd.cnrs.fr\/dumas-03213766v1\/document\" type=\"link\" id=\"https:\/\/dumas.ccsd.cnrs.fr\/dumas-03213766v1\/document\" rel=\"nofollow\">coll\u00e9e \u00e0 la surface de la dent<\/a> ; la principale question concerne plut\u00f4t la mani\u00e8re dont les gencives et les autres tissus buccaux r\u00e9agissent au traitement.<\/p>\n\n\n\n<h3 class=\"wp-block-heading\">Quelles parties du traitement par facettes les m\u00e9dicaments peuvent-ils influencer?<\/h3>\n\n\n\n<p>Selon le m\u00e9dicament et l\u2019\u00e9tat de sant\u00e9 du patient, plusieurs aspects peuvent \u00eatre concern\u00e9s :<\/p>\n\n\n\n<ul class=\"wp-block-list\">\n<li>l\u2019\u00e9tat des gencives\u00a0<\/li>\n\n\n\n<li>les saignements\u00a0<\/li>\n\n\n\n<li>l\u2019inflammation\u00a0<\/li>\n\n\n\n<li>la cicatrisation\u00a0<\/li>\n\n\n\n<li>la production de salive et la s\u00e9cheresse buccale\u00a0<\/li>\n\n\n\n<li>la r\u00e9ponse immunitaire\u00a0<\/li>\n\n\n\n<li>la susceptibilit\u00e9 aux infections\u00a0<\/li>\n\n\n\n<li>la tol\u00e9rance de certaines proc\u00e9dures associ\u00e9es.<\/li>\n<\/ul>\n\n\n\n<p>La pose classique de facettes n\u00e9cessite g\u00e9n\u00e9ralement une intervention limit\u00e9e sur les tissus mous. Cependant, certains plans de traitement peuvent inclure un remodelage gingival, un traitement parodontal, une extraction, des restaurations suppl\u00e9mentaires ou des facettes provisoires.<\/p>\n\n\n\n<p>Dans le cadre d\u2019un relooking complet du sourire, les m\u00e9dicaments deviennent donc particuli\u00e8rement importants \u00e0 prendre en compte.<\/p>\n\n\n\n<h3 class=\"wp-block-heading\">Prendre des m\u00e9dicaments signifie-t-il que vous ne pouvez pas avoir de facettes?<\/h3>\n\n\n\n<p>Non, pas n\u00e9cessairement.<\/p>\n\n\n\n<p>La prise de m\u00e9dicaments n\u2019est qu\u2019un \u00e9l\u00e9ment de l\u2019\u00e9valuation. Le dentiste examine \u00e9galement :<\/p>\n\n\n\n<ul class=\"wp-block-list\">\n<li>la quantit\u00e9 d\u2019\u00e9mail disponible\u00a0<\/li>\n\n\n\n<li>l\u2019\u00e9tat des dents\u00a0<\/li>\n\n\n\n<li>la sant\u00e9 des gencives\u00a0<\/li>\n\n\n\n<li>l\u2019occlusion\u00a0<\/li>\n\n\n\n<li>l\u2019hygi\u00e8ne bucco-dentaire\u00a0<\/li>\n\n\n\n<li>la maladie sous-jacente\u00a0<\/li>\n\n\n\n<li>les \u00e9ventuelles interventions compl\u00e9mentaires n\u00e9cessaires.<\/li>\n<\/ul>\n\n\n\n<p>C\u2019est pourquoi il est important de communiquer au dentiste une liste compl\u00e8te des m\u00e9dicaments utilis\u00e9s avant de commencer le traitement.<\/p>\n\n\n\n<figure class=\"wp-block-image size-large\"><img fetchpriority=\"high\" decoding=\"async\" width=\"1024\" height=\"576\" src=\"https:\/\/marina-clinic.com\/wp-content\/uploads\/2026\/08\/Veneer_-1024x576.webp\" alt=\"Veneer treatment result showing natural-looking ceramic veneers and healthy gums\" class=\"wp-image-22797\" srcset=\"https:\/\/marina-clinic.com\/wp-content\/uploads\/2026\/08\/Veneer_-1024x576.webp 1024w, https:\/\/marina-clinic.com\/wp-content\/uploads\/2026\/08\/Veneer_-300x169.webp 300w, https:\/\/marina-clinic.com\/wp-content\/uploads\/2026\/08\/Veneer_-768x432.webp 768w, https:\/\/marina-clinic.com\/wp-content\/uploads\/2026\/08\/Veneer_.webp 1200w\" sizes=\"(max-width: 1024px) 100vw, 1024px\" \/><\/figure>\n\n\n    <div class=\"chat-banner w-100 inner-banner\">\n        <p class=\"title-1\">Commencer une conversation<\/p>\n        <p class=\"title-2\">Contactez-nous par le moyen qui vous convient<\/p>\n        <div class=\"chat-buttons d-flex flex-wrap justify-content-center\">\n            <div class=\"chat-buttons-items phone-item\">\n                <a target=\"_blank\" href=\"tel:+905457354939\">\n                    <img decoding=\"async\" src=\"https:\/\/marina-clinic.com\/wp-content\/uploads\/2025\/09\/call.webp\" alt=\"Call\" class=\"social-image\">\n                <\/a>\n            <\/div>\n            <div class=\"chat-buttons-items email-item\">\n                <a target=\"_blank\" href=\"mailto:info@marina-clinic.com\">\n                    <img decoding=\"async\" src=\"https:\/\/marina-clinic.com\/wp-content\/uploads\/2025\/09\/email.webp\" alt=\"Email\" class=\"social-image\">\n                <\/a>\n            <\/div>\n            <div class=\"chat-buttons-items messenger-item\">\n                <a target=\"_blank\" href=\"https:\/\/www.m.me\/marinaclinictr\">\n                    <img decoding=\"async\" src=\"https:\/\/marina-clinic.com\/wp-content\/uploads\/2025\/09\/messenger.webp\" alt=\"Messenger\" class=\"social-image\">\n                <\/a>\n            <\/div>\n            <div class=\"chat-buttons-items instagram-item\">\n                <a target=\"_blank\" href=\"https:\/\/www.instagram.com\/marinaclinic.tr?igsh=MTY3dzh6MDhkMzB2Mg==\">\n                    <img decoding=\"async\" src=\"https:\/\/marina-clinic.com\/wp-content\/uploads\/2025\/09\/insta.webp\" alt=\"Instagram\" class=\"social-image\">\n                <\/a>\n            <\/div>\n            <div class=\"chat-buttons-items whatsapp-item\">\n                <a target=\"_blank\" href=\"https:\/\/wa.me\/+905457354939\">\n                    <img decoding=\"async\" src=\"https:\/\/marina-clinic.com\/wp-content\/uploads\/2025\/09\/whats.webp\" alt=\"WhatsApp\" class=\"social-image\">\n                <\/a>\n            <\/div>\n        <\/div>\n    <\/div>\n\n    <style>\n    .chat-banner { background:#f5f5eb; padding:20px; border-radius:8px; text-align:center; }\n    .title-1 { font-size:1.8em; color:#333; margin-bottom:10px; }\n    .title-2 { font-size:1.2em; color:#555; margin-bottom:20px; }\n    .chat-buttons { display:flex; justify-content:center; gap:20px; flex-wrap:nowrap; overflow-x:auto; padding-bottom:10px; }\n    .chat-buttons-items { display:flex; align-items:center; background:#fff; border-radius:10px; padding:10px; min-width:130px; text-align:center; box-shadow:0 2px 5px rgba(0,0,0,.1); }\n    .chat-buttons-items img.social-image { width:130px; height:auto; }\n    .chat-buttons-items:hover { background:#f0f0f0; }\n    @media (max-width: 768px) {\n        .email-item, .messenger-item, .instagram-item { display:none; }\n        .chat-buttons-items { min-width:100px; }\n        .chat-buttons-items img.social-image { width:100px; }\n    }\n    <\/style>\n    \n\n\n\n<h2 class=\"wp-block-heading\" id=\"h-pourquoi-votre-dentiste-doit-il-connaitre-les-medicaments-que-vous-prenez\"><span class=\"ez-toc-section\" id=\"Pourquoi_votre_dentiste_doit-il_connaitre_les_medicaments_que_vous_prenez\"><\/span>Pourquoi votre dentiste doit-il conna\u00eetre les m\u00e9dicaments que vous prenez?<span class=\"ez-toc-section-end\"><\/span><\/h2>\n\n\n\n<p>La liste des m\u00e9dicaments fait partie de l\u2019\u00e9valuation m\u00e9dicale avant le traitement. Il ne s\u2019agit pas simplement d\u2019une formalit\u00e9 administrative : certaines substances peuvent modifier la r\u00e9action des tissus buccaux ou influencer la mani\u00e8re dont le dentiste planifie une proc\u00e9dure.<\/p>\n\n\n\n<h3 class=\"wp-block-heading\">Les m\u00e9dicaments peuvent modifier la r\u00e9action des tissus buccaux<\/h3>\n\n\n\n<p>Les diff\u00e9rents m\u00e9dicaments n\u2019ont pas tous les m\u00eames effets sur la bouche. Certains peuvent favoriser la s\u00e9cheresse buccale, modifier les tissus gingivaux, augmenter la tendance aux saignements ou influencer la r\u00e9ponse inflammatoire.<\/p>\n\n\n\n<p>D\u2019autres n\u2019ont pratiquement aucun impact sur la pose de facettes.<\/p>\n\n\n\n<p>Le dentiste doit donc consid\u00e9rer le m\u00e9dicament dans son contexte, notamment sa dose, sa dur\u00e9e d\u2019utilisation, son indication et l\u2019\u00e9tat g\u00e9n\u00e9ral du patient.<\/p>\n\n\n\n<h3 class=\"wp-block-heading\">Les ant\u00e9c\u00e9dents m\u00e9dicamenteux peuvent modifier le plan de traitement<\/h3>\n\n\n\n<p>Apr\u00e8s avoir \u00e9tudi\u00e9 les m\u00e9dicaments utilis\u00e9s, le dentiste peut d\u00e9cider de :<\/p>\n\n\n\n<ul class=\"wp-block-list\">\n<li>traiter une inflammation gingivale avant la pr\u00e9paration\u00a0<\/li>\n\n\n\n<li>am\u00e9liorer la sant\u00e9 parodontale\u00a0<\/li>\n\n\n\n<li>modifier le calendrier du traitement\u00a0<\/li>\n\n\n\n<li>coordonner certains aspects avec le m\u00e9decin prescripteur\u00a0<\/li>\n\n\n\n<li>r\u00e9aliser le traitement par \u00e9tapes\u00a0<\/li>\n\n\n\n<li>\u00e9viter une chirurgie gingivale \u00e9lective lorsque cela est pr\u00e9f\u00e9rable\u00a0<\/li>\n\n\n\n<li>surveiller plus attentivement la cicatrisation.<\/li>\n<\/ul>\n\n\n\n<p>L\u2019objectif est de cr\u00e9er des conditions bucco-dentaires suffisamment stables avant de proc\u00e9der \u00e0 un traitement esth\u00e9tique.<\/p>\n\n\n\n<figure class=\"wp-block-image size-large\"><img decoding=\"async\" width=\"1024\" height=\"576\" src=\"https:\/\/marina-clinic.com\/wp-content\/uploads\/2026\/08\/Medications-1024x576.webp\" alt=\"Medications that may affect veneer treatment and oral tissue response\" class=\"wp-image-22798\" srcset=\"https:\/\/marina-clinic.com\/wp-content\/uploads\/2026\/08\/Medications-1024x576.webp 1024w, https:\/\/marina-clinic.com\/wp-content\/uploads\/2026\/08\/Medications-300x169.webp 300w, https:\/\/marina-clinic.com\/wp-content\/uploads\/2026\/08\/Medications-768x432.webp 768w, https:\/\/marina-clinic.com\/wp-content\/uploads\/2026\/08\/Medications.webp 1200w\" sizes=\"(max-width: 1024px) 100vw, 1024px\" \/><\/figure>\n\n\n\n<h2 class=\"wp-block-heading\" id=\"h-les-medicaments-immunosuppresseurs-peuvent-ils-affecter-le-traitement-par-facettes\"><span class=\"ez-toc-section\" id=\"Les_medicaments_immunosuppresseurs_peuvent-ils_affecter_le_traitement_par_facettes\"><\/span>Les m\u00e9dicaments immunosuppresseurs peuvent-ils affecter le traitement par facettes?<span class=\"ez-toc-section-end\"><\/span><\/h2>\n\n\n\n<p>Les m\u00e9dicaments immunosuppresseurs ne contre-indiquent pas automatiquement les facettes dentaires. Cependant, ils peuvent \u00eatre importants parce qu\u2019ils modifient la r\u00e9ponse immunitaire de l\u2019organisme.<\/p>\n\n\n\n<h3 class=\"wp-block-heading\">Pourquoi l\u2019immunosuppression est-elle importante en dentisterie?<\/h3>\n\n\n\n<p>Une immunosuppression peut modifier la mani\u00e8re dont l\u2019organisme r\u00e9pond \u00e0 certaines infections et peut rendre certaines situations cliniques plus complexes. Le dentiste doit donc v\u00e9rifier l\u2019\u00e9tat des gencives, rechercher une \u00e9ventuelle infection et tenir compte de la capacit\u00e9 de cicatrisation du patient.<\/p>\n\n\n\n<p>Les m\u00e9dicaments qui diminuent la r\u00e9ponse immunitaire, notamment certains traitements immunosuppresseurs et les corticost\u00e9ro\u00efdes syst\u00e9miques, peuvent \u00eatre associ\u00e9s \u00e0 une plus grande susceptibilit\u00e9 aux infections.<\/p>\n\n\n\n<p>Cela ne signifie pas que les facettes en porcelaine provoquent habituellement une r\u00e9action immunitaire. La priorit\u00e9 est plut\u00f4t de contr\u00f4ler toute infection ou maladie parodontale existante avant un traitement esth\u00e9tique.<\/p>\n\n\n\n<h3 class=\"wp-block-heading\">Une personne atteinte d\u2019une maladie auto-immune peut-elle avoir des facettes?<\/h3>\n\n\n\n<p>Potentiellement oui. La d\u00e9cision d\u00e9pend de plusieurs facteurs, notamment :<\/p>\n\n\n\n<ul class=\"wp-block-list\">\n<li>la stabilit\u00e9 de la maladie\u00a0<\/li>\n\n\n\n<li>ses \u00e9ventuelles manifestations buccales\u00a0<\/li>\n\n\n\n<li>les m\u00e9dicaments utilis\u00e9s\u00a0<\/li>\n\n\n\n<li>la fonction salivaire\u00a0<\/li>\n\n\n\n<li>la sant\u00e9 des gencives\u00a0<\/li>\n\n\n\n<li>la quantit\u00e9 d\u2019\u00e9mail et la structure dentaire\u00a0<\/li>\n\n\n\n<li>la n\u00e9cessit\u00e9 \u00e9ventuelle de proc\u00e9dures invasives.<\/li>\n<\/ul>\n\n\n\n<p>Le dentiste peut \u00e9galement tenir compte de la s\u00e9cheresse buccale lorsqu\u2019elle accompagne certaines maladies auto-immunes. Par exemple, le syndrome de Sj\u00f6gren peut favoriser la s\u00e9cheresse buccale, l\u2019accumulation de plaque, les caries, la gingivite et la parodontite.<\/p>\n\n\n\n<h4 class=\"wp-block-heading\">Une maladie auto-immune provoque-t-elle une \u00ab r\u00e9action allergique \u00bb aux facettes?<\/h4>\n\n\n\n<p>Non, une maladie auto-immune ne signifie pas automatiquement que l\u2019organisme va \u00ab rejeter \u00bb une facette dentaire.<\/p>\n\n\n\n<p>Une maladie auto-immune, une immunosuppression li\u00e9e aux m\u00e9dicaments et une v\u00e9ritable sensibilit\u00e9 \u00e0 un mat\u00e9riau sont trois situations diff\u00e9rentes.<\/p>\n\n\n\n<p>Si une inflammation gingivale persiste autour d\u2019une facette, le dentiste doit rechercher des causes plus courantes, comme l\u2019accumulation de plaque, une maladie parodontale, des limites de restauration difficiles \u00e0 nettoyer, un exc\u00e8s de mat\u00e9riau de collage ou, dans certains cas, une sensibilit\u00e9 \u00e0 un mat\u00e9riau.<\/p>\n\n\n\n<figure class=\"wp-block-image size-large\"><img decoding=\"async\" width=\"1024\" height=\"576\" src=\"https:\/\/marina-clinic.com\/wp-content\/uploads\/2026\/08\/reduced-immune-activity-1024x576.webp\" alt=\"Immunosuppressive medications and immune response considerations before veneer treatment\" class=\"wp-image-22799\" srcset=\"https:\/\/marina-clinic.com\/wp-content\/uploads\/2026\/08\/reduced-immune-activity-1024x576.webp 1024w, https:\/\/marina-clinic.com\/wp-content\/uploads\/2026\/08\/reduced-immune-activity-300x169.webp 300w, https:\/\/marina-clinic.com\/wp-content\/uploads\/2026\/08\/reduced-immune-activity-768x432.webp 768w, https:\/\/marina-clinic.com\/wp-content\/uploads\/2026\/08\/reduced-immune-activity.webp 1200w\" sizes=\"(max-width: 1024px) 100vw, 1024px\" \/><\/figure>\n\n\n    <div class=\"monthly-offer-banner\" >\n        <div class=\"mob-inner\">\n            <div class=\"mob-text\">\n                <h3 class=\"mob-title\">Votre cadeau de septembre de la clinique Marina \u2014 Cliquez pour d\u00e9couvrir votre offre !<\/h3>\n            <\/div>\n            <div class=\"mob-cta\">\n                <a class=\"mob-btn\" href=\"https:\/\/wa.me\/905457354939?text=Je%20souhaite%20conna%C3%AEtre%20l%E2%80%99offre%20pour%20septembre\" target=\"_blank\" rel=\"nofollow noopener noreferrer\">Voir l\u2019offre<\/a>\n            <\/div>\n        <\/div>\n    <\/div>\n    <style>\n    .monthly-offer-banner { background:#efece3; padding:18px; border-radius:10px; }\n    .monthly-offer-banner .mob-inner { display:flex; align-items:center; justify-content:space-between; gap:16px; flex-wrap:wrap; }\n    .monthly-offer-banner .mob-text { display:flex; align-items:center; gap:12px; }\n    .monthly-offer-banner .mob-month { background:#af9e59; color:#fff; font-weight:700; padding:6px 10px; border-radius:20px; font-size:14px; }\n    .monthly-offer-banner .mob-title { margin:0; font-size:20px; color:#333; }\n    .monthly-offer-banner .mob-cta .mob-btn { background:#333; color:#fff; text-decoration:none; padding:10px 16px; border-radius:8px; font-weight:600; display:inline-block; }\n    .monthly-offer-banner .mob-cta .mob-btn:hover { opacity:.9; }\n    .monthly-offer-banner.rtl .mob-title { text-align:right; }\n    <\/style>\n    \n\n\n\n<h2 class=\"wp-block-heading\" id=\"h-un-traitement-prolonge-par-corticoides-peut-il-affecter-la-cicatrisation-des-facettes\"><span class=\"ez-toc-section\" id=\"Un_traitement_prolonge_par_corticoides_peut-il_affecter_la_cicatrisation_des_facettes\"><\/span>Un traitement prolong\u00e9 par cortico\u00efdes peut-il affecter la cicatrisation des facettes?<span class=\"ez-toc-section-end\"><\/span><\/h2>\n\n\n\n<p>Oui. Lors d\u2019un traitement syst\u00e9mique prolong\u00e9 par cortico\u00efdes, le dentiste doit tenir compte de son \u00e9ventuel impact sur la cicatrisation et la r\u00e9ponse immunitaire. L\u2019\u00e9valuation d\u00e9pend notamment de la dose, de la dur\u00e9e du traitement, de la maladie sous-jacente et du type de proc\u00e9dure dentaire pr\u00e9vue.<\/p>\n\n\n\n<h3 class=\"wp-block-heading\">Pourquoi la dose et la dur\u00e9e des cortico\u00efdes sont-elles importantes?<\/h3>\n\n\n\n<p>Prendre des cortico\u00efdes pendant quelques jours n\u2019est pas la m\u00eame situation qu\u2019un traitement syst\u00e9mique \u00e0 forte dose ou de longue dur\u00e9e.<\/p>\n\n\n\n<p>Le dentiste peut donc avoir besoin de conna\u00eetre :<\/p>\n\n\n\n<ul class=\"wp-block-list\">\n<li>le type de cortico\u00efde<\/li>\n\n\n\n<li>la dose<\/li>\n\n\n\n<li>la dur\u00e9e du traitement<\/li>\n\n\n\n<li>la forme utilis\u00e9e<\/li>\n\n\n\n<li>la raison du traitement<\/li>\n\n\n\n<li>les autres m\u00e9dicaments immunosuppresseurs \u00e9ventuels.<\/li>\n<\/ul>\n\n\n\n<p>Il ne faut donc pas consid\u00e9rer toute personne prenant des cortico\u00efdes comme pr\u00e9sentant le m\u00eame niveau de risque.<\/p>\n\n\n\n<h3 class=\"wp-block-heading\">Les cortico\u00efdes affectent-ils la cicatrisation des gencives ou des tissus mous?<\/h3>\n\n\n\n<p>Les cortico\u00efdes syst\u00e9miques peuvent \u00eatre pertinents pour la r\u00e9ponse inflammatoire et immunitaire ainsi que pour certains aspects de la cicatrisation. Un traitement prolong\u00e9 peut \u00e9galement \u00eatre associ\u00e9 \u00e0 une susceptibilit\u00e9 accrue aux infections.<\/p>\n\n\n\n<p>Cependant, une pr\u00e9paration classique pour facettes ne n\u00e9cessite g\u00e9n\u00e9ralement pas une cicatrisation importante des tissus mous.<\/p>\n\n\n\n<p>La question devient plus importante lorsque le traitement comprend :<\/p>\n\n\n\n<ul class=\"wp-block-list\">\n<li>une autre proc\u00e9dure invasive.<\/li>\n\n\n\n<li>une gingivectomie<\/li>\n\n\n\n<li>un remodelage gingival<\/li>\n\n\n\n<li>une chirurgie parodontale<\/li>\n\n\n\n<li>une extraction<\/li>\n\n\n\n<li>la pose d\u2019implants<\/li>\n<\/ul>\n\n\n\n<figure class=\"wp-block-image size-large\"><img loading=\"lazy\" decoding=\"async\" width=\"1024\" height=\"576\" src=\"https:\/\/marina-clinic.com\/wp-content\/uploads\/2026\/08\/Long-Term-Steroid-Therapy_-1024x576.webp\" alt=\"Long-term steroid therapy and its effects on healing during veneer treatment\" class=\"wp-image-22800\" srcset=\"https:\/\/marina-clinic.com\/wp-content\/uploads\/2026\/08\/Long-Term-Steroid-Therapy_-1024x576.webp 1024w, https:\/\/marina-clinic.com\/wp-content\/uploads\/2026\/08\/Long-Term-Steroid-Therapy_-300x169.webp 300w, https:\/\/marina-clinic.com\/wp-content\/uploads\/2026\/08\/Long-Term-Steroid-Therapy_-768x432.webp 768w, https:\/\/marina-clinic.com\/wp-content\/uploads\/2026\/08\/Long-Term-Steroid-Therapy_.webp 1200w\" sizes=\"(max-width: 1024px) 100vw, 1024px\" \/><\/figure>\n\n\n    <div id=\"mrp-1\" class=\"pricing-req-wrap\" data-nonce=\"a1496444b6\">\n        <!-- Trigger -->\n        <button class=\"pricing-req-btn\"><i class=\"fas fa-tags\"><\/i> Demander les tarifs<\/button>\n\n        <!-- Modal (closed by default; opens with .is-open) -->\n        <div class=\"pricing-req-modal\">\n            <div class=\"pricing-req-content\" >\n                <span class=\"pricing-req-close\" aria-label=\"Fermer\">&times;<\/span>\n                <h3>Demande de tarifs<\/h3>\n\n                <input class=\"pricing-req-phone\" type=\"tel\" placeholder=\"Entrez votre num\u00e9ro de t\u00e9l\u00e9phone\" \/>\n                <!-- honeypot -->\n                <input type=\"text\" name=\"website\" class=\"mira-hp\" tabindex=\"-1\" autocomplete=\"off\" style=\"position:absolute;left:-9999px;opacity:0;\">\n                <button class=\"pricing-req-send\">Envoyer<\/button>\n                <p class=\"pricing-req-note\">En envoyant, vous acceptez que nous vous contactions sur WhatsApp avec les tarifs.<\/p>\n\n                <p class=\"pricing-req-success is-hidden\">Bien re\u00e7u ! Nous vous enverrons les tarifs sur WhatsApp sous peu.<\/p>\n            <\/div>\n        <\/div>\n    <\/div>\n\n    <script>\n    (function(){\n        const root   = document.getElementById(\"mrp-1\");\n        const i18n   = {\"enter_phone\":\"Entrez votre num\\u00e9ro de t\\u00e9l\\u00e9phone\",\"send\":\"Envoyer\",\"note\":\"En envoyant, vous acceptez que nous vous contactions sur WhatsApp avec les tarifs.\",\"success\":\"Bien re\\u00e7u ! Nous vous enverrons les tarifs sur WhatsApp sous peu.\",\"need_phone\":\"Veuillez entrer votre num\\u00e9ro de t\\u00e9l\\u00e9phone.\",\"invalid\":\"Le num\\u00e9ro semble invalide.\",\"close\":\"Fermer\"};\n        const ajaxUrl= \"https:\/\/marina-clinic.com\/wp-admin\/admin-ajax.php\";\n        const nonce  = root.dataset.nonce;\n\n        const btn    = root.querySelector(\".pricing-req-btn\");\n        const modal  = root.querySelector(\".pricing-req-modal\");\n        const close  = root.querySelector(\".pricing-req-close\");\n        const phone  = root.querySelector(\".pricing-req-phone\");\n        const send   = root.querySelector(\".pricing-req-send\");\n        const okText = root.querySelector(\".pricing-req-success\");\n\n        \/\/ Start closed\n        modal.classList.remove('is-open');\n\n        \/\/ Open\/close events\n        btn.addEventListener('click',   () => { okText.classList.add('is-hidden'); modal.classList.add('is-open'); });\n        close.addEventListener('click', () => modal.classList.remove('is-open'));\n        window.addEventListener('click', (e) => { if (e.target === modal) modal.classList.remove('is-open'); });\n\n        \/\/ intl-tel-input\n        let iti;\n        function initITI(){\n            try {\n                iti = window.intlTelInput(phone, {\n                    initialCountry: \"auto\",\n                    geoIpLookup: function(success){ fetch(\"https:\/\/ipinfo.io\/json\").then(r=>r.json()).then(d=>success(d.country)).catch(()=>success(\"AE\")); },\n                });\n            } catch(e){}\n        }\n        if (window.intlTelInput) { initITI(); }\n        else {\n\n        }\n\n        \/\/ Send\n        send.addEventListener('click', () => {\n\t\t\t \n             \n            \n\n            const e164      =  phone.value;\n            const dialCode  = iti ? (iti.getSelectedCountryData()?.dialCode || '') : '';\n            const pageLink  = window.location.href;\n            const honeypot  = root.querySelector('input[name=\"website\"]').value;\n\n            fetch(ajaxUrl, {\n                method: \"POST\",\n                headers: {\"Content-Type\": \"application\/x-www-form-urlencoded\"},\n                body: new URLSearchParams({\n                    action: \"mira_send_treatment_email\",\n                    _ajax_nonce: nonce,\n                    website: honeypot,\n                    treatment: \"Pricing via WhatsApp Request\",\n                    phone_e164: e164,\n                    country_code: dialCode,\n                    page_link: pageLink\n                })\n            })\n            .then(r => r.text())\n            .then(() => {\n                okText.classList.remove('is-hidden');\n                setTimeout(() => modal.classList.remove('is-open'), 1500);\n                phone.value = '';\n            })\n            .catch(() => alert(\"Something went wrong. Please try again.\"));\n        });\n    })();\n    <\/script>\n\n    <style>\n    .pricing-req-btn {\n        background:#af9e59; padding:10px 20px; font-weight:bold;\n        border:none; cursor:pointer; border-radius:5px;color:black !important;\n    }\n    .pricing-req-btn:hover { background:#8e834d; }\n\n    .pricing-req-modal {\n        display:none; position:fixed; inset:0; background:rgba(0,0,0,.5);\n        align-items:center; justify-content:center; z-index:9999;\n    }\n    .pricing-req-modal.is-open { display:flex; }\n\n    .pricing-req-content {\n        background:#fff; padding:20px; border-radius:8px; text-align:center; position:relative;\n        width:90%; max-width:520px; box-shadow:0 5px 15px rgba(0,0,0,.3);\n    }\n    .pricing-req-content.rtl { direction:rtl; }\n    .pricing-req-close {\n        position:absolute; top:10px; right:15px;\n        font-size:20px; cursor:pointer; color:#333;\n    }\n    .pricing-req-phone {\n        display:block; margin:10px auto; width:100%; padding:10px; font-size:14px;\n        border:1px solid #ccc; border-radius:5px;\n    }\n    .pricing-req-send {\n        background:#333; border:none; padding:10px 20px; border-radius:6px; cursor:pointer; font-weight:600;\n    }\n    .pricing-req-send:hover { opacity:.9; }\n    .pricing-req-note { font-size:12px; color:#666; margin-top:10px; text-align:left; }\n    .pricing-req-success { margin-top:12px; color:#1b5e20; font-weight:600; }\n    .is-hidden { display:none !important; }\n\n    \/* keep phone numbers LTR in RTL UI *\/\n    .pricing-req-content.rtl input[type=\"tel\"] { direction:ltr; text-align:left; }\n    <\/style>\n    \n\n\n\n<h2 class=\"wp-block-heading\" id=\"h-comment-les-medicaments-affectent-ils-la-cicatrisation-des-gencives-apres-la-pose-de-facettes\"><span class=\"ez-toc-section\" id=\"Comment_les_medicaments_affectent-ils_la_cicatrisation_des_gencives_apres_la_pose_de_facettes\"><\/span>Comment les m\u00e9dicaments affectent-ils la cicatrisation des gencives apr\u00e8s la pose de facettes?<span class=\"ez-toc-section-end\"><\/span><\/h2>\n\n\n\n<p>La cicatrisation gingivale apr\u00e8s la pose de facettes d\u00e9pend de nombreux facteurs. Les m\u00e9dicaments peuvent en faire partie, mais ils ne constituent qu\u2019un \u00e9l\u00e9ment du tableau clinique.<\/p>\n\n\n\n<h3 class=\"wp-block-heading\">Quelle est la cicatrisation normale des gencives apr\u00e8s des facettes?<\/h3>\n\n\n\n<p>Une l\u00e9g\u00e8re irritation temporaire peut appara\u00eetre apr\u00e8s la pr\u00e9paration des dents, les empreintes ou le scan, la mise en place de facettes provisoires ou le collage des facettes d\u00e9finitives.<\/p>\n\n\n\n<p>Une sensibilit\u00e9, une l\u00e9g\u00e8re rougeur ou une g\u00eane gingivale peuvent parfois appara\u00eetre lorsque le traitement a \u00e9t\u00e9 r\u00e9alis\u00e9 pr\u00e8s de la ligne gingivale.<\/p>\n\n\n\n<p>La r\u00e9action varie toutefois d\u2019une personne \u00e0 l\u2019autre. Le dentiste \u00e9value l\u2019\u00e9volution des tissus plut\u00f4t que de se baser uniquement sur une dur\u00e9e fixe de cicatrisation.<\/p>\n\n\n\n<h3 class=\"wp-block-heading\">Qu\u2019est-ce qui peut retarder la cicatrisation des gencives?<\/h3>\n\n\n\n<p>Plusieurs facteurs peuvent ralentir ou compliquer la stabilisation des gencives, notamment :<\/p>\n\n\n\n<ul class=\"wp-block-list\">\n<li>une gingivite ou une maladie parodontale pr\u00e9existante<\/li>\n\n\n\n<li>l\u2019accumulation de plaque<\/li>\n\n\n\n<li>des limites de facettes difficiles \u00e0 nettoyer<\/li>\n\n\n\n<li>un exc\u00e8s de mat\u00e9riau de collage<\/li>\n\n\n\n<li>le tabagisme<\/li>\n\n\n\n<li>la s\u00e9cheresse buccale<\/li>\n\n\n\n<li>certaines maladies syst\u00e9miques<\/li>\n\n\n\n<li>certains m\u00e9dicaments qui modifient la r\u00e9ponse immunitaire ou inflammatoire.<\/li>\n<\/ul>\n\n\n\n<p>La s\u00e9cheresse buccale m\u00e9rite une attention particuli\u00e8re. Certains m\u00e9dicaments peuvent r\u00e9duire la salivation, ce qui peut favoriser l\u2019accumulation de plaque, les caries, la sensibilit\u00e9 et certaines infections ou maladies parodontales.<\/p>\n\n\n\n<h4 class=\"wp-block-heading\">Quand une irritation des gencives n\u2019est-elle plus consid\u00e9r\u00e9e comme normale?<\/h4>\n\n\n\n<p>Une \u00e9valuation dentaire est recommand\u00e9e en cas de :<\/p>\n\n\n\n<ul class=\"wp-block-list\">\n<li>gonflement persistant ou qui s\u2019aggrave <\/li>\n\n\n\n<li>saignements r\u00e9p\u00e9t\u00e9s<\/li>\n\n\n\n<li>douleur persistante<\/li>\n\n\n\n<li>\u00e9coulement ou pr\u00e9sence de pus<\/li>\n\n\n\n<li>mauvais go\u00fbt ou mauvaise odeur provenant d\u2019une zone pr\u00e9cise<\/li>\n\n\n\n<li>r\u00e9cession gingivale <\/li>\n\n\n\n<li>difficult\u00e9 \u00e0 nettoyer autour des limites des facettes.<\/li>\n<\/ul>\n\n\n\n<p>Ces sympt\u00f4mes ne signifient pas n\u00e9cessairement qu\u2019une facette est d\u00e9faillante, mais ils doivent \u00eatre examin\u00e9s. Les gencives rouges, gonfl\u00e9es ou qui saignent, ainsi que la pr\u00e9sence de pus ou une mauvaise haleine persistante, font notamment partie des signes qui peuvent accompagner une maladie gingivale.<\/p>\n\n\n\n<figure class=\"wp-block-image size-large\"><img loading=\"lazy\" decoding=\"async\" width=\"1024\" height=\"576\" src=\"https:\/\/marina-clinic.com\/wp-content\/uploads\/2026\/08\/Medications-Affect-Gum-Healing-1024x576.webp\" alt=\"Medications and gum healing after veneer treatment\" class=\"wp-image-22801\" srcset=\"https:\/\/marina-clinic.com\/wp-content\/uploads\/2026\/08\/Medications-Affect-Gum-Healing-1024x576.webp 1024w, https:\/\/marina-clinic.com\/wp-content\/uploads\/2026\/08\/Medications-Affect-Gum-Healing-300x169.webp 300w, https:\/\/marina-clinic.com\/wp-content\/uploads\/2026\/08\/Medications-Affect-Gum-Healing-768x432.webp 768w, https:\/\/marina-clinic.com\/wp-content\/uploads\/2026\/08\/Medications-Affect-Gum-Healing.webp 1200w\" sizes=\"(max-width: 1024px) 100vw, 1024px\" \/><\/figure>\n\n\n\n<h2 class=\"wp-block-heading\" id=\"h-les-medicaments-peuvent-ils-augmenter-le-risque-d-infection-apres-la-pose-de-facettes\"><span class=\"ez-toc-section\" id=\"Les_medicaments_peuvent-ils_augmenter_le_risque_dinfection_apres_la_pose_de_facettes\"><\/span>Les m\u00e9dicaments peuvent-ils augmenter le risque d\u2019infection apr\u00e8s la pose de facettes?<span class=\"ez-toc-section-end\"><\/span><\/h2>\n\n\n\n<p>Les facettes elles-m\u00eames ne provoquent normalement pas une infection simplement parce qu\u2019elles sont pr\u00e9sentes. Le risque est davantage li\u00e9 \u00e0 une maladie dentaire ou parodontale existante, \u00e0 l\u2019\u00e9tat des tissus autour de la restauration, \u00e0 l\u2019hygi\u00e8ne bucco-dentaire ou \u00e0 certains facteurs m\u00e9dicaux.<\/p>\n\n\n\n<h3 class=\"wp-block-heading\">Pourquoi les m\u00e9dicaments peuvent-ils avoir une importance dans la r\u00e9ponse aux infections?<\/h3>\n\n\n\n<p>Certains traitements peuvent modifier la r\u00e9ponse immunitaire, la cicatrisation ou l\u2019inflammation. D\u2019autres peuvent provoquer une s\u00e9cheresse buccale, qui peut \u00e0 son tour affecter la sant\u00e9 bucco-dentaire.<\/p>\n\n\n\n<p>Il ne faut cependant pas attribuer automatiquement un risque accru d\u2019infection \u00e0 un m\u00e9dicament particulier sans tenir compte de son indication, de sa dose et de l\u2019\u00e9tat g\u00e9n\u00e9ral du patient.<\/p>\n\n\n\n<h3 class=\"wp-block-heading\">Quels signes n\u00e9cessitent une \u00e9valuation dentaire?<\/h3>\n\n\n\n<p>Consultez votre dentiste si vous pr\u00e9sentez :<\/p>\n\n\n\n<ul class=\"wp-block-list\">\n<li>un gonflement qui augmente<\/li>\n\n\n\n<li>une douleur persistante<\/li>\n\n\n\n<li>du pus ou un \u00e9coulement<\/li>\n\n\n\n<li>un gonflement localis\u00e9 de la gencive<\/li>\n\n\n\n<li>un mauvais go\u00fbt<\/li>\n\n\n\n<li>de la fi\u00e8vre ou des sympt\u00f4mes g\u00e9n\u00e9raux<\/li>\n\n\n\n<li>des saignements ou une inflammation qui persistent.<\/li>\n<\/ul>\n\n\n\n<p>Une \u00e9valuation professionnelle permet de d\u00e9terminer la cause du probl\u00e8me au lieu de tenter de le traiter soi-m\u00eame.<\/p>\n\n\n\n<blockquote class=\"wp-block-quote is-layout-flow wp-block-quote-is-layout-flow\">\n<p>En savoir plus: <a href=\"https:\/\/marina-clinic.com\/fr\/gum-disease-before-veneers-turkey-2026\/\" type=\"post\" id=\"15162\">Les maladies des gencives sont-elles un probl\u00e8me avant les facettes? Ce que les dentistes v\u00e9rifient en Turquie en 2026<\/a><\/p>\n<\/blockquote>\n\n\n\t\t\t<div class=\"marina-shortcode-hero\">\n\t\t\t\t<div class=\"marina-shortcode-deco marina-shortcode-deco-1\"><\/div>\n\t\t\t\t<div class=\"marina-shortcode-deco marina-shortcode-deco-2\"><\/div>\n\t\t\t\t<div class=\"marina-shortcode-inner\">\n\t\t\t\t\t<div class=\"marina-shortcode-heading\" role=\"heading\" aria-level=\"2\">Transformez votre apparence avec la pr\u00e9cision de l&#039;IA<\/div>\n\t\t\t\t\t<p class=\"marina-shortcode-paragraph\">T\u00e9l\u00e9chargez vos photos et recevez une analyse pr\u00e9liminaire gratuite par IA en quelques minutes. Sans engagement.<\/p>\n\t\t\t\t\t<button type=\"button\" class=\"marina-shortcode-btn marina-hair-analyzer-trigger\">\n\t\t\t\t\t\t<svg xmlns=\"http:\/\/www.w3.org\/2000\/svg\" width=\"22\" height=\"22\" viewBox=\"0 0 24 24\" fill=\"none\" stroke=\"currentColor\" stroke-width=\"2\" stroke-linecap=\"round\" stroke-linejoin=\"round\" aria-hidden=\"true\"><path d=\"M12 2C6.5 2 2 6.5 2 12s4.5 10 10 10c.926 0 1.648-.746 1.648-1.688 0-.437-.18-.835-.437-1.125-.29-.289-.438-.652-.438-1.125a1.64 1.64 0 0 1 1.668-1.668h1.996c3.051 0 5.555-2.503 5.555-5.554C21.965 6.012 17.461 2 12 2z\"><\/path><circle cx=\"6.5\" cy=\"11.5\" r=\"1.5\"><\/circle><circle cx=\"9.5\" cy=\"7.5\" r=\"1.5\"><\/circle><circle cx=\"14.5\" cy=\"7.5\" r=\"1.5\"><\/circle><circle cx=\"17.5\" cy=\"11.5\" r=\"1.5\"><\/circle><\/svg><span>Essayez le diagnostic IA gratuit<\/span>\n\t\t\t\t\t<\/button>\n\t\t\t\t<\/div>\n\t\t\t<\/div>\n\n\n\n\n<h2 class=\"wp-block-heading\" id=\"h-quels-autres-medicaments-peuvent-etre-importants-avant-un-traitement-par-facettes\"><span class=\"ez-toc-section\" id=\"Quels_autres_medicaments_peuvent_etre_importants_avant_un_traitement_par_facettes\"><\/span>Quels autres m\u00e9dicaments peuvent \u00eatre importants avant un traitement par facettes?<span class=\"ez-toc-section-end\"><\/span><\/h2>\n\n\n\n<p>Tous les m\u00e9dicaments ne pr\u00e9sentent pas le m\u00eame int\u00e9r\u00eat pour le traitement. Certains m\u00e9ritent toutefois d\u2019\u00eatre signal\u00e9s au dentiste.<\/p>\n\n\n\n<h3 class=\"wp-block-heading\">M\u00e9dicaments anticoagulants et antiplaquettaires<\/h3>\n\n\n\n<p>Les anticoagulants et les m\u00e9dicaments antiplaquettaires peuvent \u00eatre particuli\u00e8rement pertinents si le traitement comprend une intervention gingivale ou parodontale susceptible de provoquer des saignements.<\/p>\n\n\n\n<p>Ils ne doivent pas \u00eatre arr\u00eat\u00e9s de votre propre initiative. Le dentiste d\u00e9termine si une pr\u00e9caution particuli\u00e8re est n\u00e9cessaire et peut coordonner la prise en charge avec le m\u00e9decin lorsque cela est indiqu\u00e9.<\/p>\n\n\n\n<h3 class=\"wp-block-heading\">M\u00e9dicaments pouvant provoquer une s\u00e9cheresse buccale<\/h3>\n\n\n\n<p>De nombreux m\u00e9dicaments peuvent contribuer \u00e0 la s\u00e9cheresse buccale. Celle-ci peut affecter le confort, favoriser l\u2019accumulation de plaque et augmenter le risque de caries ou de probl\u00e8mes parodontaux.<\/p>\n\n\n\n<p>Si vous souffrez de bouche s\u00e8che, indiquez-le au dentiste, m\u00eame si vous ne savez pas quel m\u00e9dicament en est responsable.<\/p>\n\n\n\n<h3 class=\"wp-block-heading\">M\u00e9dicaments pouvant affecter les tissus gingivaux<\/h3>\n\n\n\n<p>Certains m\u00e9dicaments peuvent modifier les tissus des gencives chez certains patients. Par exemple, certaines classes de m\u00e9dicaments cardiovasculaires peuvent \u00eatre associ\u00e9es \u00e0 une augmentation du volume gingival.<\/p>\n\n\n\n<p>Si la gencive est \u00e9paissie, inflamm\u00e9e ou instable, le dentiste peut recommander de stabiliser la sant\u00e9 parodontale avant de d\u00e9terminer les limites d\u00e9finitives des facettes.<\/p>\n\n\n\n<blockquote class=\"wp-block-quote is-layout-flow wp-block-quote-is-layout-flow\">\n<p>En savoir plus: <a href=\"https:\/\/marina-clinic.com\/fr\/can-people-with-high-blood-pressure-get-veneers\/\" type=\"post\" id=\"14104\">Les personnes souffrant d\u2019hypertension peuvent-elles poser des facettes dentaires ? Conseils du dentiste avant le traitement<\/a><\/p>\n<\/blockquote>\n\n\n    <div class=\"monthly-offer-banner\" >\n        <div class=\"mob-inner\">\n            <div class=\"mob-text\">\n                <h3 class=\"mob-title\">Votre cadeau de septembre de la clinique Marina \u2014 Cliquez pour d\u00e9couvrir votre offre !<\/h3>\n            <\/div>\n            <div class=\"mob-cta\">\n                <a class=\"mob-btn\" href=\"https:\/\/wa.me\/905457354939?text=Je%20souhaite%20conna%C3%AEtre%20l%E2%80%99offre%20pour%20septembre\" target=\"_blank\" rel=\"nofollow noopener noreferrer\">Voir l\u2019offre<\/a>\n            <\/div>\n        <\/div>\n    <\/div>\n    <style>\n    .monthly-offer-banner { background:#efece3; padding:18px; border-radius:10px; }\n    .monthly-offer-banner .mob-inner { display:flex; align-items:center; justify-content:space-between; gap:16px; flex-wrap:wrap; }\n    .monthly-offer-banner .mob-text { display:flex; align-items:center; gap:12px; }\n    .monthly-offer-banner .mob-month { background:#af9e59; color:#fff; font-weight:700; padding:6px 10px; border-radius:20px; font-size:14px; }\n    .monthly-offer-banner .mob-title { margin:0; font-size:20px; color:#333; }\n    .monthly-offer-banner .mob-cta .mob-btn { background:#333; color:#fff; text-decoration:none; padding:10px 16px; border-radius:8px; font-weight:600; display:inline-block; }\n    .monthly-offer-banner .mob-cta .mob-btn:hover { opacity:.9; }\n    .monthly-offer-banner.rtl .mob-title { text-align:right; }\n    <\/style>\n    \n\n\n\n<h2 class=\"wp-block-heading\" id=\"h-que-devez-vous-dire-a-votre-dentiste-avant-de-recevoir-des-facettes\"><span class=\"ez-toc-section\" id=\"Que_devez-vous_dire_a_votre_dentiste_avant_de_recevoir_des_facettes\"><\/span>Que devez-vous dire \u00e0 votre dentiste avant de recevoir des facettes?<span class=\"ez-toc-section-end\"><\/span><\/h2>\n\n\n\n<p>Une information m\u00e9dicale compl\u00e8te permet au dentiste de planifier le traitement de mani\u00e8re plus s\u00fbre et plus pr\u00e9visible.<\/p>\n\n\n\n<h3 class=\"wp-block-heading\">Liste des m\u00e9dicaments \u00e0 pr\u00e9parer avant le traitement par facettes<\/h3>\n\n\n\n<p>Avant votre rendez-vous, pr\u00e9parez les informations suivantes :<\/p>\n\n\n\n<ul class=\"wp-block-list\">\n<li>nom de chaque m\u00e9dicament<\/li>\n\n\n\n<li>dose<\/li>\n\n\n\n<li>fr\u00e9quence de prise<\/li>\n\n\n\n<li>dur\u00e9e d\u2019utilisation<\/li>\n\n\n\n<li>raison de la prescription<\/li>\n\n\n\n<li>nom du m\u00e9decin prescripteur<\/li>\n\n\n\n<li>maladie auto-immune ou maladie syst\u00e9mique connue<\/li>\n\n\n\n<li>traitement par cortico\u00efdes<\/li>\n\n\n\n<li>traitement immunosuppresseur<\/li>\n\n\n\n<li>anticoagulants ou antiplaquettaires<\/li>\n\n\n\n<li>changement r\u00e9cent de m\u00e9dicament<\/li>\n\n\n\n<li>allergies connues<\/li>\n\n\n\n<li>ant\u00e9c\u00e9dents de saignement inhabituel<\/li>\n\n\n\n<li>ant\u00e9c\u00e9dents de probl\u00e8mes de cicatrisation ou d\u2019infection.<\/li>\n<\/ul>\n\n\n\n<p>Mentionnez \u00e9galement les m\u00e9dicaments sans ordonnance, les produits en vente libre et les compl\u00e9ments alimentaires que vous utilisez r\u00e9guli\u00e8rement.<\/p>\n\n\n\n<h3 class=\"wp-block-heading\">Ne dites pas seulement le nom du m\u00e9dicament \u00e0 votre dentiste<\/h3>\n\n\n\n<p>Le nom du m\u00e9dicament ne suffit pas toujours \u00e0 comprendre la situation.<\/p>\n\n\n\n<p>Par exemple, une dose de 5 mg et une dose de 40 mg d\u2019un m\u00eame m\u00e9dicament peuvent correspondre \u00e0 des situations cliniques tr\u00e8s diff\u00e9rentes. Le dentiste doit donc conna\u00eetre, lorsque cela est pertinent, la dose, la dur\u00e9e du traitement, la raison de la prescription et l\u2019\u00e9tat actuel de la maladie.<\/p>\n\n\n\n<blockquote class=\"wp-block-quote is-layout-flow wp-block-quote-is-layout-flow\">\n<p>En savoir plus: <a href=\"https:\/\/marina-clinic.com\/fr\/veneers-medical-conditions-turkey-2026\/\" type=\"post\" id=\"14461\">Facettes dentaires et maladies m\u00e9dicales en Turquie 2026 : s\u00e9curit\u00e9, risques et conseils des dentistes<\/a><\/p>\n<\/blockquote>\n\n\n\n<h2 class=\"wp-block-heading\" id=\"h-faut-il-arreter-un-medicament-avant-un-traitement-par-facettes\"><span class=\"ez-toc-section\" id=\"Faut-il_arreter_un_medicament_avant_un_traitement_par_facettes\"><\/span>Faut-il arr\u00eater un m\u00e9dicament avant un traitement par facettes?<span class=\"ez-toc-section-end\"><\/span><\/h2>\n\n\n\n<p>Non. Vous ne devez pas arr\u00eater, r\u00e9duire ou modifier un m\u00e9dicament prescrit pour pr\u00e9parer un traitement par facettes, sauf si le m\u00e9decin qui le prescrit vous demande de le faire.<\/p>\n\n\n\n<h3 class=\"wp-block-heading\">Pourquoi arr\u00eater soi-m\u00eame un m\u00e9dicament peut-il \u00eatre dangereux?<\/h3>\n\n\n\n<p>L\u2019arr\u00eat brutal de certains traitements peut entra\u00eener une perte de contr\u00f4le de la maladie, des sympt\u00f4mes de sevrage ou d\u2019autres complications.<\/p>\n\n\n\n<p>Cette pr\u00e9caution est particuli\u00e8rement importante pour les :<\/p>\n\n\n\n<ul class=\"wp-block-list\">\n<li>cortico\u00efdes<\/li>\n\n\n\n<li>immunosuppresseurs<\/li>\n\n\n\n<li>anticoagulants<\/li>\n\n\n\n<li>traitements syst\u00e9miques utilis\u00e9s au long cours.<\/li>\n<\/ul>\n\n\n\n<p>Par exemple, l\u2019arr\u00eat soudain de certains cortico\u00efdes peut provoquer des effets de sevrage et entra\u00eener la r\u00e9apparition de la maladie trait\u00e9e. Le NHS recommande de ne pas arr\u00eater les cortico\u00efdes sans avis m\u00e9dical.<\/p>\n\n\n\n<h3 class=\"wp-block-heading\">Les facettes peuvent-elles \u00eatre planifi\u00e9es autour d\u2019un traitement m\u00e9dicamenteux existant?<\/h3>\n\n\n\n<p>Souvent, oui, selon la situation clinique.<\/p>\n\n\n\n<p>Le dentiste peut notamment :<\/p>\n\n\n\n<ul class=\"wp-block-list\">\n<li>proc\u00e9der au traitement comme pr\u00e9vu<\/li>\n\n\n\n<li>stabiliser la sant\u00e9 gingivale auparavant<\/li>\n\n\n\n<li>modifier le calendrier<\/li>\n\n\n\n<li>\u00e9viter certaines proc\u00e9dures invasives non indispensables<\/li>\n\n\n\n<li>demander un avis m\u00e9dical<\/li>\n\n\n\n<li>surveiller plus attentivement la cicatrisation.<\/li>\n<\/ul>\n\n\n\n<p>L\u2019objectif est d\u2019adapter le traitement au patient plut\u00f4t que de consid\u00e9rer automatiquement le m\u00e9dicament comme une contre-indication.<\/p>\n\n\n\n<figure class=\"wp-block-image size-large\"><img loading=\"lazy\" decoding=\"async\" width=\"1024\" height=\"576\" src=\"https:\/\/marina-clinic.com\/wp-content\/uploads\/2026\/08\/Stop-Medication-Before-Veneer-1024x576.webp\" alt=\"Veneer treatment planning for patients taking prescription medications\" class=\"wp-image-22802\" srcset=\"https:\/\/marina-clinic.com\/wp-content\/uploads\/2026\/08\/Stop-Medication-Before-Veneer-1024x576.webp 1024w, https:\/\/marina-clinic.com\/wp-content\/uploads\/2026\/08\/Stop-Medication-Before-Veneer-300x169.webp 300w, https:\/\/marina-clinic.com\/wp-content\/uploads\/2026\/08\/Stop-Medication-Before-Veneer-768x432.webp 768w, https:\/\/marina-clinic.com\/wp-content\/uploads\/2026\/08\/Stop-Medication-Before-Veneer.webp 1200w\" sizes=\"(max-width: 1024px) 100vw, 1024px\" \/><\/figure>\n\n\n\n<h2 class=\"wp-block-heading\" id=\"h-quand-votre-dentiste-peut-il-demander-un-avis-medical\"><span class=\"ez-toc-section\" id=\"Quand_votre_dentiste_peut-il_demander_un_avis_medical\"><\/span>Quand votre dentiste peut-il demander un avis m\u00e9dical?<span class=\"ez-toc-section-end\"><\/span><\/h2>\n\n\n\n<p>La plupart des patients qui prennent des m\u00e9dicaments n\u2019ont pas automatiquement besoin d\u2019un avis m\u00e9dical pour recevoir des facettes.<\/p>\n\n\n\n<p>Une coordination avec le m\u00e9decin peut toutefois \u00eatre envisag\u00e9e lorsque la situation m\u00e9dicale ou le traitement est plus complexe.<\/p>\n\n\n\n<h3 class=\"wp-block-heading\">Dans quelles situations une coordination m\u00e9dicale peut-elle \u00eatre appropri\u00e9e?<\/h3>\n\n\n\n<p>Elle peut \u00eatre utile en cas de :<\/p>\n\n\n\n<ul class=\"wp-block-list\">\n<li>maladie auto-immune complexe<\/li>\n\n\n\n<li>traitement immunosuppresseur important<\/li>\n\n\n\n<li>corticoth\u00e9rapie syst\u00e9mique prolong\u00e9e<\/li>\n\n\n\n<li>plusieurs maladies syst\u00e9miques<\/li>\n\n\n\n<li>ant\u00e9c\u00e9dents de mauvaise cicatrisation<\/li>\n\n\n\n<li>infections r\u00e9currentes<\/li>\n\n\n\n<li>maladie actuellement instable<\/li>\n\n\n\n<li>incertitude concernant les pr\u00e9cautions li\u00e9es au traitement<\/li>\n\n\n\n<li>proc\u00e9dure chirurgicale compl\u00e9mentaire pr\u00e9vue.<\/li>\n<\/ul>\n\n\n\n<h3 class=\"wp-block-heading\">Que signifie r\u00e9ellement un avis m\u00e9dical avant un traitement dentaire?<\/h3>\n\n\n\n<p>Le dentiste peut demander au m\u00e9decin traitant des informations concernant :<\/p>\n\n\n\n<ul class=\"wp-block-list\">\n<li>la stabilit\u00e9 de la maladie<\/li>\n\n\n\n<li>le traitement m\u00e9dicamenteux actuel<\/li>\n\n\n\n<li>les pr\u00e9cautions particuli\u00e8res<\/li>\n\n\n\n<li>le meilleur moment pour r\u00e9aliser le traitement<\/li>\n\n\n\n<li>les \u00e9ventuelles adaptations n\u00e9cessaires pour une proc\u00e9dure invasive.<\/li>\n<\/ul>\n\n\n\n<p>Il ne s\u2019agit pas de demander au m\u00e9decin si les facettes sont esth\u00e9tiquement adapt\u00e9es au patient. Le dentiste reste responsable de l\u2019\u00e9valuation bucco-dentaire et de la planification du traitement.<\/p>\n\n\n\t\t\t<div class=\"marina-shortcode-hero\">\n\t\t\t\t<div class=\"marina-shortcode-deco marina-shortcode-deco-1\"><\/div>\n\t\t\t\t<div class=\"marina-shortcode-deco marina-shortcode-deco-2\"><\/div>\n\t\t\t\t<div class=\"marina-shortcode-inner\">\n\t\t\t\t\t<div class=\"marina-shortcode-heading\" role=\"heading\" aria-level=\"2\">Transformez votre apparence avec la pr\u00e9cision de l&#039;IA<\/div>\n\t\t\t\t\t<p class=\"marina-shortcode-paragraph\">T\u00e9l\u00e9chargez vos photos et recevez une analyse pr\u00e9liminaire gratuite par IA en quelques minutes. Sans engagement.<\/p>\n\t\t\t\t\t<button type=\"button\" class=\"marina-shortcode-btn marina-hair-analyzer-trigger\">\n\t\t\t\t\t\t<svg xmlns=\"http:\/\/www.w3.org\/2000\/svg\" width=\"22\" height=\"22\" viewBox=\"0 0 24 24\" fill=\"none\" stroke=\"currentColor\" stroke-width=\"2\" stroke-linecap=\"round\" stroke-linejoin=\"round\" aria-hidden=\"true\"><path d=\"M12 2C6.5 2 2 6.5 2 12s4.5 10 10 10c.926 0 1.648-.746 1.648-1.688 0-.437-.18-.835-.437-1.125-.29-.289-.438-.652-.438-1.125a1.64 1.64 0 0 1 1.668-1.668h1.996c3.051 0 5.555-2.503 5.555-5.554C21.965 6.012 17.461 2 12 2z\"><\/path><circle cx=\"6.5\" cy=\"11.5\" r=\"1.5\"><\/circle><circle cx=\"9.5\" cy=\"7.5\" r=\"1.5\"><\/circle><circle cx=\"14.5\" cy=\"7.5\" r=\"1.5\"><\/circle><circle cx=\"17.5\" cy=\"11.5\" r=\"1.5\"><\/circle><\/svg><span>Essayez le diagnostic IA gratuit<\/span>\n\t\t\t\t\t<\/button>\n\t\t\t\t<\/div>\n\t\t\t<\/div>\n\n\n\n\n<h2 class=\"wp-block-heading\" id=\"h-pouvez-vous-quand-meme-avoir-des-facettes-si-vous-prenez-des-immunosuppresseurs-ou-des-corticoides\"><span class=\"ez-toc-section\" id=\"Pouvez-vous_quand_meme_avoir_des_facettes_si_vous_prenez_des_immunosuppresseurs_ou_des_corticoides\"><\/span>Pouvez-vous quand m\u00eame avoir des facettes si vous prenez des immunosuppresseurs ou des cortico\u00efdes?<span class=\"ez-toc-section-end\"><\/span><\/h2>\n\n\n\n<p>Oui, c\u2019est potentiellement possible. La d\u00e9cision d\u00e9pend de l\u2019\u00e9tat dentaire, gingival et m\u00e9dical du patient ainsi que du type de traitement m\u00e9dicamenteux.<\/p>\n\n\n\n<h3 class=\"wp-block-heading\">Que v\u00e9rifie le dentiste avant de donner son accord?<\/h3>\n\n\n\n<p>Le dentiste \u00e9value g\u00e9n\u00e9ralement cinq domaines principaux :<\/p>\n\n\n\n<ol class=\"wp-block-list\">\n<li><strong>Dents <\/strong>: quantit\u00e9 d\u2019\u00e9mail disponible, caries et restaurations existantes.<\/li>\n\n\n\n<li><strong>Gencives <\/strong>: inflammation, saignement et stabilit\u00e9 parodontale.<\/li>\n\n\n\n<li><strong>Occlusion <\/strong>: bruxisme, forces exerc\u00e9es sur les dents et \u00e9quilibre de la morsure.<\/li>\n\n\n\n<li><strong>\u00c9tat m\u00e9dical<\/strong> : stabilit\u00e9 de la maladie et \u00e9ventuelles manifestations buccales.<\/li>\n\n\n\n<li><strong>M\u00e9dicaments <\/strong>: type, dose, dur\u00e9e et raison du traitement.<\/li>\n<\/ol>\n\n\n\n<h3 class=\"wp-block-heading\">Quand le traitement par facettes peut-il devoir \u00eatre report\u00e9?<\/h3>\n\n\n\n<p>Le traitement peut \u00eatre retard\u00e9 en pr\u00e9sence de :<\/p>\n\n\n\n<ul class=\"wp-block-list\">\n<li>maladie gingivale non contr\u00f4l\u00e9e<\/li>\n\n\n\n<li>infection dentaire active<\/li>\n\n\n\n<li>maladie syst\u00e9mique instable<\/li>\n\n\n\n<li>probl\u00e8me important de cicatrisation non r\u00e9solu<\/li>\n\n\n\n<li>recommandation m\u00e9dicale de reporter un traitement \u00e9lectif.<\/li>\n<\/ul>\n\n\n\n<p>Un report ne signifie pas que le patient ne pourra jamais recevoir de facettes. Il peut simplement \u00eatre n\u00e9cessaire de stabiliser certains facteurs avant de commencer le traitement esth\u00e9tique.<\/p>\n\n\n\n<figure class=\"wp-block-image size-large\"><img loading=\"lazy\" decoding=\"async\" width=\"1024\" height=\"576\" src=\"https:\/\/marina-clinic.com\/wp-content\/uploads\/2026\/08\/Can-You-Still-Get-Veneers-If-You-Take-Immunosuppressants-or-Steroids-1024x576.webp\" alt=\"Veneer consultation for patients taking immunosuppressants or steroids\" class=\"wp-image-22803\" srcset=\"https:\/\/marina-clinic.com\/wp-content\/uploads\/2026\/08\/Can-You-Still-Get-Veneers-If-You-Take-Immunosuppressants-or-Steroids-1024x576.webp 1024w, https:\/\/marina-clinic.com\/wp-content\/uploads\/2026\/08\/Can-You-Still-Get-Veneers-If-You-Take-Immunosuppressants-or-Steroids-300x169.webp 300w, https:\/\/marina-clinic.com\/wp-content\/uploads\/2026\/08\/Can-You-Still-Get-Veneers-If-You-Take-Immunosuppressants-or-Steroids-768x432.webp 768w, https:\/\/marina-clinic.com\/wp-content\/uploads\/2026\/08\/Can-You-Still-Get-Veneers-If-You-Take-Immunosuppressants-or-Steroids.webp 1200w\" sizes=\"(max-width: 1024px) 100vw, 1024px\" \/><\/figure>\n\n\n\n<h2 class=\"wp-block-heading\" id=\"h-comment-le-dentiste-prepare-t-il-la-pose-de-facettes-chez-les-patients-qui-prennent-des-medicaments-au-long-cours\"><span class=\"ez-toc-section\" id=\"Comment_le_dentiste_prepare-t-il_la_pose_de_facettes_chez_les_patients_qui_prennent_des_medicaments_au_long_cours\"><\/span>Comment le dentiste pr\u00e9pare-t-il la pose de facettes chez les patients qui prennent des m\u00e9dicaments au long cours ?<span class=\"ez-toc-section-end\"><\/span><\/h2>\n\n\n\n<p>Le dentiste ne v\u00e9rifie pas seulement si certains m\u00e9dicaments peuvent poser probl\u00e8me. Il s\u2019assure aussi que les dents et les gencives sont en bon \u00e9tat avant la pose des facettes et qu\u2019elles le restent pendant le suivi.<\/p>\n\n\n\n<p>Stabiliser la sant\u00e9 bucco-dentaire avant le traitement esth\u00e9tique<\/p>\n\n\n\n<p>Avant de pr\u00e9parer les dents, le dentiste peut proposer :<\/p>\n\n\n\n<ul class=\"wp-block-list\">\n<li>de traiter les caries.<\/li>\n\n\n\n<li>de soigner les gencives si n\u00e9cessaire.<\/li>\n\n\n\n<li>de mieux contr\u00f4ler la plaque dentaire.<\/li>\n\n\n\n<li>de v\u00e9rifier les anciens soins dentaires.<\/li>\n\n\n\n<li>de traiter la bouche s\u00e8che si elle pose probl\u00e8me.<\/li>\n<\/ul>\n\n\n\n<p>Ces soins permettent de commencer la pose des facettes avec des dents et des gencives en meilleure sant\u00e9.<\/p>\n\n\n\n<h3 class=\"wp-block-heading\">Planifier les limites des facettes autour de gencives saines<\/h3>\n\n\n\n<p>Des contours gingivaux stables facilitent l\u2019entretien quotidien et permettent au dentiste de positionner les limites des facettes avec pr\u00e9cision.<\/p>\n\n\n\n<p>Le traitement doit chercher \u00e0 favoriser :<\/p>\n\n\n\n<ul class=\"wp-block-list\">\n<li>des contours gingivaux stables<\/li>\n\n\n\n<li>un nettoyage facile<\/li>\n\n\n\n<li>des limites de restauration pr\u00e9cises<\/li>\n\n\n\n<li>une irritation minimale des tissus.<\/li>\n<\/ul>\n\n\n\n<h3 class=\"wp-block-heading\">Surveiller les gencives apr\u00e8s la pose<\/h3>\n\n\n\n<p>Apr\u00e8s la pose des facettes, le dentiste peut v\u00e9rifier :<\/p>\n\n\n\n<ul class=\"wp-block-list\">\n<li>la r\u00e9action des tissus<\/li>\n\n\n\n<li>l\u2019hygi\u00e8ne autour des limites<\/li>\n\n\n\n<li>les saignements<\/li>\n\n\n\n<li>l\u2019inflammation<\/li>\n\n\n\n<li>le confort du patient.<\/li>\n<\/ul>\n\n\n\n<p>Cette surveillance permet d\u2019identifier rapidement un probl\u00e8me et d\u2019adapter les soins si n\u00e9cessaire.<\/p>\n\n\n    <div id=\"mti-2\" class=\"mira-inquiry-container\"  data-nonce=\"a1496444b6\">\n        <!-- Step 1 -->\n        <div class=\"mira-step mira-step-1\">\n            <p class=\"mira-q\">Quel traitement vous int\u00e9resse ?<\/p>\n            <div class=\"mira-options\">\n                                    <label class=\"mira-option\">\n                        <input type=\"radio\" name=\"mira_treatment_mti-2\" value=\"Traitement dentaire\"> Traitement dentaire                    <\/label>\n                                    <label class=\"mira-option\">\n                        <input type=\"radio\" name=\"mira_treatment_mti-2\" value=\"Greffe de cheveux\"> Greffe de cheveux                    <\/label>\n                                    <label class=\"mira-option\">\n                        <input type=\"radio\" name=\"mira_treatment_mti-2\" value=\"Chirurgie esth\u00e9tique\"> Chirurgie esth\u00e9tique                    <\/label>\n                                    <label class=\"mira-option\">\n                        <input type=\"radio\" name=\"mira_treatment_mti-2\" value=\"Autre\"> Autre                    <\/label>\n                            <\/div>\n        <\/div>\n\n        <!-- Step 2 -->\n        <div class=\"mira-step mira-step-2\" style=\"display:none;\">\n            <p class=\"mira-q\">Parfait ! Veuillez saisir votre num\u00e9ro de t\u00e9l\u00e9phone et nous vous contacterons rapidement.<\/p>\n            <input id=\"mira_phone_mti-2\" type=\"tel\" class=\"mira-phone\" placeholder=\"Saisissez votre num\u00e9ro de t\u00e9l\u00e9phone\" \/>\n            <!-- honeypot -->\n            <input type=\"text\" name=\"website\" class=\"mira-hp\" tabindex=\"-1\" autocomplete=\"off\" style=\"position:absolute;left:-9999px;opacity:0;\">\n            <button class=\"mira-btn\"\n\t\t\t\t\tonclick=\"window['miraSubmit_mti-2']()\">\n\t\t\t\tEnvoyer\t\t\t<\/button>\n            <p class=\"mira-note\">En envoyant, vous acceptez d\u2019\u00eatre contact\u00e9 au sujet de votre demande.<\/p>\n        <\/div>\n\n        <!-- Step 3 -->\n        <div class=\"mira-step mira-step-3\" style=\"display:none;\">\n            <p class=\"mira-thanks\">Merci !<\/p>\n            <p class=\"mira-details\">Nous avons bien re\u00e7u votre demande et nous vous recontacterons au plus vite.<\/p>\n        <\/div>\n    <\/div>\n\n<script>\n(function(){\n  const rootId   = \"mti-2\";\n  const root     = document.getElementById(rootId);\n  const ajaxUrl  = \"https:\/\/marina-clinic.com\/wp-admin\/admin-ajax.php\";\n  const nonceVal = root.dataset.nonce;\n  const I18N     = {\"q\":\"Quel traitement vous int\\u00e9resse ?\",\"dental\":\"Traitement dentaire\",\"hair\":\"Greffe de cheveux\",\"plastic\":\"Chirurgie esth\\u00e9tique\",\"other\":\"Autre\",\"phone_q\":\"Parfait ! Veuillez saisir votre num\\u00e9ro de t\\u00e9l\\u00e9phone et nous vous contacterons rapidement.\",\"placeholder\":\"Saisissez votre num\\u00e9ro de t\\u00e9l\\u00e9phone\",\"send\":\"Envoyer\",\"note\":\"En envoyant, vous acceptez d\\u2019\\u00eatre contact\\u00e9 au sujet de votre demande.\",\"thanks\":\"Merci !\",\"details\":\"Nous avons bien re\\u00e7u votre demande et nous vous recontacterons au plus vite.\",\"alert_select\":\"Veuillez choisir un type de traitement.\",\"alert_phone\":\"Veuillez entrer votre num\\u00e9ro de t\\u00e9l\\u00e9phone.\",\"alert_invalid\":\"Le num\\u00e9ro semble invalide.\"};\n\n  let iti;\n\n  \/\/ Step change: only radios inside this widget\n  root.querySelectorAll('input[name=\"mira_treatment_mti-2\"]').forEach(el => {\n    el.addEventListener('change', () => {\n      root.querySelector('.mira-step-1').style.display = 'none';\n      root.querySelector('.mira-step-2').style.display = 'block';\n    });\n  });\n\n  \/\/ Namespaced submit function (hyphen-safe)\n  window['miraSubmit_mti-2'] = function() {\n    const phoneEl = document.getElementById(\"mira_phone_mti-2\");\n    const sel = root.querySelector('input[name=\"mira_treatment_mti-2\"]:checked');\n    const treatment = sel ? sel.value : \"\";\n\n\n    const e164     =  phoneEl.value;\n    const dialCode = iti ? (iti.getSelectedCountryData()?.dialCode || '') : '';\n    const pageLink = window.location.href;\n    const honeypot = root.querySelector('input[name=\"website\"]').value;\n\n    fetch(ajaxUrl, {\n      method: \"POST\",\n      headers: {\"Content-Type\": \"application\/x-www-form-urlencoded\"},\n      body: new URLSearchParams({\n        action: \"mira_send_treatment_email\",\n        _ajax_nonce: nonceVal,\n        website: honeypot,\n        treatment: treatment,\n        phone_e164: e164,\n        country_code: dialCode,\n        page_link: pageLink\n      })\n    })\n    .then(r => r.text())\n    .then(() => {\n      root.querySelector('.mira-step-2').style.display = 'none';\n      root.querySelector('.mira-step-3').style.display = 'block';\n    })\n    .catch(() => alert(\"Something went wrong. Please try again.\"));\n  };\n\n  \/\/ intl-tel-input init (use loadUtilsOnInit to avoid deprecation warning)\n  document.addEventListener(\"DOMContentLoaded\", function(){\n    const input = document.getElementById(\"mira_phone_mti-2\");\n    function initITI(){\n      try {\n        iti = window.intlTelInput(input, {\n          initialCountry: \"auto\",\n          loadUtilsOnInit: true, \/\/ replaces deprecated utilsScript\n          geoIpLookup: function(success){\n            fetch(\"https:\/\/ipinfo.io\/json\")\n              .then(r=>r.json())\n              .then(d=>success(d.country))\n              .catch(()=>success(\"AE\"));\n          }\n        });\n      } catch(e) { console.error(\"intlTelInput init error:\", e); }\n    }\n    if (window.intlTelInput) { initITI(); }\n    else {\n\n    }\n  });\n})();\n<\/script>\n\n\n\n\n\n    <style>\n    .mira-inquiry-container {background:#f7f6f2; padding:20px; border-radius:12px; text-align:center; position:relative;}\n    .mira-q {font-size:1.35rem; color:#333; margin-bottom:14px;}\n    .mira-options {display:flex; flex-wrap:wrap; gap:10px; justify-content:center;}\n    .mira-option {background:#fff; border:1px solid #333; padding:10px 14px; border-radius:8px; cursor:pointer; font-weight:600; color:#333;}\n    .mira-option:hover {background:#333; color:#fff;}\n    .mira-phone {width:100%; max-width:420px; padding:12px; border:1px solid #ccc; border-radius:8px; font-size:1rem;}\n    .mira-btn {margin-top:14px; border:none; padding:10px 20px; border-radius:8px; cursor:pointer; font-size:1rem; font-weight:600;}\n    .mira-btn:hover {opacity:.9;}\n    .mira-note {font-size:.85rem; color:#666; margin-top:10px;}\n    .mira-thanks {font-size:1.5rem; font-weight:700; margin-bottom:8px; color:#333;}\n    .mira-details {font-size:1.1rem; color:#444;}\n    .mira-hp {display:none;} \/* honeypot *\/\n    .mira-inquiry-container.rtl { direction: rtl; text-align: center; }\n    .mira-inquiry-container.rtl input[type=\"tel\"] { direction:ltr; text-align:left; } \/* keep numbers LTR *\/\n    @media (max-width:768px){ .mira-option{flex:1 1 calc(50% - 10px);} }\n    <\/style>\n    \n\n\n\n<h2 class=\"wp-block-heading\" id=\"h-faq\"><span class=\"ez-toc-section\" id=\"FAQ\"><\/span>FAQ<span class=\"ez-toc-section-end\"><\/span><\/h2>\n\n\n\n<div class=\"schema-faq wp-block-yoast-faq-block\"><div class=\"schema-faq-section\" id=\"faq-question-1788166203626\"><strong class=\"schema-faq-question\">Puis-je avoir des facettes si j\u2019ai une maladie auto-immune ?<\/strong> <p class=\"schema-faq-answer\">Oui, dans de nombreux cas. Le dentiste doit toutefois v\u00e9rifier si la maladie est stable, quels m\u00e9dicaments vous prenez, ainsi que l\u2019\u00e9tat de vos gencives et de vos dents.<\/p> <\/div> <div class=\"schema-faq-section\" id=\"faq-question-1788166208995\"><strong class=\"schema-faq-question\">Puis-je avoir des facettes pendant un traitement immunosuppresseur ?<\/strong> <p class=\"schema-faq-answer\">C\u2019est parfois possible. Le dentiste doit v\u00e9rifier le m\u00e9dicament, la dose, votre \u00e9tat de sant\u00e9, ainsi que la sant\u00e9 de vos gencives et de vos dents. Il doit aussi savoir si le traitement pr\u00e9voit une intervention plus importante.<\/p> <\/div> <div class=\"schema-faq-section\" id=\"faq-question-1788166213778\"><strong class=\"schema-faq-question\">Les cortico\u00efdes affectent-ils les facettes dentaires ?<\/strong> <p class=\"schema-faq-answer\">Les cortico\u00efdes n\u2019agissent pas directement sur la facette elle-m\u00eame. Cependant, un traitement prolong\u00e9 peut avoir un effet sur les d\u00e9fenses du corps, la cicatrisation et certaines \u00e9tapes des soins dentaires.<\/p> <\/div> <div class=\"schema-faq-section\" id=\"faq-question-1788166218783\"><strong class=\"schema-faq-question\">Pourquoi mes gencives sont-elles encore gonfl\u00e9es ou saignent-elles apr\u00e8s la pose de facettes ?<\/strong> <p class=\"schema-faq-answer\">Une l\u00e9g\u00e8re g\u00eane peut \u00eatre passag\u00e8re apr\u00e8s la pose. En revanche, si les gencives restent gonfl\u00e9es ou continuent de saigner, un contr\u00f4le est conseill\u00e9. La plaque dentaire, une inflammation des gencives ou un probl\u00e8me au bord de la facette peuvent en \u00eatre la cause.<\/p> <\/div> <\/div>\n\n\n\n<p><\/p>\n","protected":false},"excerpt":{"rendered":"<p>Certains m\u00e9dicaments peuvent influencer le traitement par facettes dentaires en modifiant la sant\u00e9 des gencives,<\/p>\n","protected":false},"author":4,"featured_media":22830,"comment_status":"open","ping_status":"open","sticky":false,"template":"","format":"standard","meta":{"footnotes":""},"categories":[839,841],"tags":[1146,1143,1152,1147],"class_list":["post-22828","post","type-post","status-publish","format-standard","has-post-thumbnail","hentry","category-facettes-dentaires","category-soins-dentaires","tag-plan-de-soins-dentaires","tag-sante-dentaire","tag-sante-gingivale","tag-soins-dentaires-apres-la-pose-de-facettes"],"yoast_head":"<!-- This site is optimized with the Yoast SEO Premium plugin v27.5 (Yoast SEO v27.5) - https:\/\/yoast.com\/product\/yoast-seo-premium-wordpress\/ -->\n<title>M\u00e9dicaments et facettes dentaires : ce qu\u2019il faut savoir - Marina Clinic<\/title>\n<meta name=\"description\" content=\"D\u00e9couvrez comment les m\u00e9dicaments peuvent affecter les facettes dentaires et ce qu\u2019il faut signaler \u00e0 votre dentiste avant le traitement.\" \/>\n<meta name=\"robots\" content=\"index, follow, max-snippet:-1, max-image-preview:large, max-video-preview:-1\" \/>\n<link rel=\"canonical\" href=\"https:\/\/marina-clinic.com\/fr\/medications-before-veneers\/\" \/>\n<meta property=\"og:locale\" content=\"fr_FR\" \/>\n<meta property=\"og:type\" content=\"article\" \/>\n<meta property=\"og:title\" content=\"Les m\u00e9dicaments peuvent-ils affecter le traitement par facettes dentaires ? Ce que vous devez dire \u00e0 votre dentiste avant la proc\u00e9dure\" \/>\n<meta property=\"og:description\" content=\"D\u00e9couvrez comment les m\u00e9dicaments peuvent affecter les facettes dentaires et ce qu\u2019il faut signaler \u00e0 votre dentiste avant le traitement.\" \/>\n<meta property=\"og:url\" content=\"https:\/\/marina-clinic.com\/fr\/medications-before-veneers\/\" \/>\n<meta property=\"og:site_name\" content=\"Marina Clinic\" \/>\n<meta property=\"article:published_time\" content=\"2026-08-31T09:20:49+00:00\" \/>\n<meta property=\"article:modified_time\" content=\"2026-08-31T11:17:41+00:00\" \/>\n<meta property=\"og:image\" content=\"https:\/\/marina-clinic.com\/wp-content\/uploads\/2026\/08\/Can-Medications-Affect-Veneer-Treatment_-What-to-Tell-Your-Dentist-Before-the-Procedure_.webp\" \/>\n\t<meta property=\"og:image:width\" content=\"1200\" \/>\n\t<meta property=\"og:image:height\" content=\"675\" \/>\n\t<meta property=\"og:image:type\" content=\"image\/webp\" \/>\n<meta name=\"author\" content=\"Hamza Abu Kalam\" \/>\n<meta name=\"twitter:card\" content=\"summary_large_image\" \/>\n<meta name=\"twitter:label1\" content=\"\u00c9crit par\" \/>\n\t<meta name=\"twitter:data1\" content=\"Hamza Abu Kalam\" \/>\n\t<meta name=\"twitter:label2\" content=\"Dur\u00e9e de lecture estim\u00e9e\" \/>\n\t<meta name=\"twitter:data2\" content=\"17 minutes\" \/>\n<script type=\"application\/ld+json\" class=\"yoast-schema-graph\">{\"@context\":\"https:\\\/\\\/schema.org\",\"@graph\":[{\"@type\":\"Article\",\"@id\":\"https:\\\/\\\/marina-clinic.com\\\/fr\\\/medications-before-veneers\\\/#article\",\"isPartOf\":{\"@id\":\"https:\\\/\\\/marina-clinic.com\\\/fr\\\/medications-before-veneers\\\/\"},\"author\":{\"name\":\"Hamza Abu Kalam\",\"@id\":\"https:\\\/\\\/marina-clinic.com\\\/fr\\\/#\\\/schema\\\/person\\\/d75fd44940a044272708ce95ff8120a3\"},\"headline\":\"Les m\u00e9dicaments peuvent-ils affecter le traitement par facettes dentaires ? Ce que vous devez dire \u00e0 votre dentiste avant la proc\u00e9dure\",\"datePublished\":\"2026-08-31T09:20:49+00:00\",\"dateModified\":\"2026-08-31T11:17:41+00:00\",\"mainEntityOfPage\":{\"@id\":\"https:\\\/\\\/marina-clinic.com\\\/fr\\\/medications-before-veneers\\\/\"},\"wordCount\":3407,\"commentCount\":0,\"publisher\":{\"@id\":\"https:\\\/\\\/marina-clinic.com\\\/fr\\\/#organization\"},\"image\":{\"@id\":\"https:\\\/\\\/marina-clinic.com\\\/fr\\\/medications-before-veneers\\\/#primaryimage\"},\"thumbnailUrl\":\"https:\\\/\\\/marina-clinic.com\\\/wp-content\\\/uploads\\\/2026\\\/08\\\/Can-Medications-Affect-Veneer-Treatment_-What-to-Tell-Your-Dentist-Before-the-Procedure_.webp\",\"keywords\":[\"Plan de soins dentaires\",\"Sant\u00e9 dentaire\",\"Sant\u00e9 Gingivale\",\"Soins dentaires apr\u00e8s la pose de facettes\"],\"articleSection\":[\"facettes dentaires\",\"Soins dentaires\"],\"inLanguage\":\"fr-FR\",\"potentialAction\":[{\"@type\":\"CommentAction\",\"name\":\"Comment\",\"target\":[\"https:\\\/\\\/marina-clinic.com\\\/fr\\\/medications-before-veneers\\\/#respond\"]}],\"copyrightYear\":\"2026\",\"copyrightHolder\":{\"@id\":\"https:\\\/\\\/marina-clinic.com\\\/#organization\"}},{\"@type\":[\"WebPage\",\"FAQPage\"],\"@id\":\"https:\\\/\\\/marina-clinic.com\\\/fr\\\/medications-before-veneers\\\/\",\"url\":\"https:\\\/\\\/marina-clinic.com\\\/fr\\\/medications-before-veneers\\\/\",\"name\":\"M\u00e9dicaments et facettes dentaires : ce qu\u2019il faut savoir - Marina Clinic\",\"isPartOf\":{\"@id\":\"https:\\\/\\\/marina-clinic.com\\\/fr\\\/#website\"},\"primaryImageOfPage\":{\"@id\":\"https:\\\/\\\/marina-clinic.com\\\/fr\\\/medications-before-veneers\\\/#primaryimage\"},\"image\":{\"@id\":\"https:\\\/\\\/marina-clinic.com\\\/fr\\\/medications-before-veneers\\\/#primaryimage\"},\"thumbnailUrl\":\"https:\\\/\\\/marina-clinic.com\\\/wp-content\\\/uploads\\\/2026\\\/08\\\/Can-Medications-Affect-Veneer-Treatment_-What-to-Tell-Your-Dentist-Before-the-Procedure_.webp\",\"datePublished\":\"2026-08-31T09:20:49+00:00\",\"dateModified\":\"2026-08-31T11:17:41+00:00\",\"description\":\"D\u00e9couvrez comment les m\u00e9dicaments peuvent affecter les facettes dentaires et ce qu\u2019il faut signaler \u00e0 votre dentiste avant le traitement.\",\"breadcrumb\":{\"@id\":\"https:\\\/\\\/marina-clinic.com\\\/fr\\\/medications-before-veneers\\\/#breadcrumb\"},\"mainEntity\":[{\"@id\":\"https:\\\/\\\/marina-clinic.com\\\/fr\\\/medications-before-veneers\\\/#faq-question-1788166203626\"},{\"@id\":\"https:\\\/\\\/marina-clinic.com\\\/fr\\\/medications-before-veneers\\\/#faq-question-1788166208995\"},{\"@id\":\"https:\\\/\\\/marina-clinic.com\\\/fr\\\/medications-before-veneers\\\/#faq-question-1788166213778\"},{\"@id\":\"https:\\\/\\\/marina-clinic.com\\\/fr\\\/medications-before-veneers\\\/#faq-question-1788166218783\"}],\"inLanguage\":\"fr-FR\",\"potentialAction\":[{\"@type\":\"ReadAction\",\"target\":[\"https:\\\/\\\/marina-clinic.com\\\/fr\\\/medications-before-veneers\\\/\"]}]},{\"@type\":\"ImageObject\",\"inLanguage\":\"fr-FR\",\"@id\":\"https:\\\/\\\/marina-clinic.com\\\/fr\\\/medications-before-veneers\\\/#primaryimage\",\"url\":\"https:\\\/\\\/marina-clinic.com\\\/wp-content\\\/uploads\\\/2026\\\/08\\\/Can-Medications-Affect-Veneer-Treatment_-What-to-Tell-Your-Dentist-Before-the-Procedure_.webp\",\"contentUrl\":\"https:\\\/\\\/marina-clinic.com\\\/wp-content\\\/uploads\\\/2026\\\/08\\\/Can-Medications-Affect-Veneer-Treatment_-What-to-Tell-Your-Dentist-Before-the-Procedure_.webp\",\"width\":1200,\"height\":675,\"caption\":\"veneer medications\"},{\"@type\":\"BreadcrumbList\",\"@id\":\"https:\\\/\\\/marina-clinic.com\\\/fr\\\/medications-before-veneers\\\/#breadcrumb\",\"itemListElement\":[{\"@type\":\"ListItem\",\"position\":1,\"name\":\"Accueil\",\"item\":\"https:\\\/\\\/marina-clinic.com\\\/fr\\\/\"},{\"@type\":\"ListItem\",\"position\":2,\"name\":\"Home > Dental Veneers > Medications Before Veneers\"}]},{\"@type\":\"WebSite\",\"@id\":\"https:\\\/\\\/marina-clinic.com\\\/fr\\\/#website\",\"url\":\"https:\\\/\\\/marina-clinic.com\\\/fr\\\/\",\"name\":\"Marina Clinic\",\"description\":\"Marina Clinic \u2013 World-Class Dental Implants, Hollywood Smile, Hair transplant &amp; Cosmetic Dentistry in Turkey\",\"publisher\":{\"@id\":\"https:\\\/\\\/marina-clinic.com\\\/fr\\\/#organization\"},\"potentialAction\":[{\"@type\":\"SearchAction\",\"target\":{\"@type\":\"EntryPoint\",\"urlTemplate\":\"https:\\\/\\\/marina-clinic.com\\\/fr\\\/?s={search_term_string}\"},\"query-input\":{\"@type\":\"PropertyValueSpecification\",\"valueRequired\":true,\"valueName\":\"search_term_string\"}}],\"inLanguage\":\"fr-FR\"},{\"@type\":[\"Organization\",\"Place\"],\"@id\":\"https:\\\/\\\/marina-clinic.com\\\/fr\\\/#organization\",\"name\":\"Marina Clinic\",\"url\":\"https:\\\/\\\/marina-clinic.com\\\/fr\\\/\",\"logo\":{\"@id\":\"https:\\\/\\\/marina-clinic.com\\\/fr\\\/medications-before-veneers\\\/#local-main-organization-logo\"},\"image\":{\"@id\":\"https:\\\/\\\/marina-clinic.com\\\/fr\\\/medications-before-veneers\\\/#local-main-organization-logo\"},\"telephone\":[],\"openingHoursSpecification\":[{\"@type\":\"OpeningHoursSpecification\",\"dayOfWeek\":[\"Monday\",\"Tuesday\",\"Wednesday\",\"Thursday\",\"Friday\",\"Saturday\",\"Sunday\"],\"opens\":\"09:00\",\"closes\":\"17:00\"}]},{\"@type\":\"Person\",\"@id\":\"https:\\\/\\\/marina-clinic.com\\\/fr\\\/#\\\/schema\\\/person\\\/d75fd44940a044272708ce95ff8120a3\",\"name\":\"Hamza Abu Kalam\",\"image\":{\"@type\":\"ImageObject\",\"inLanguage\":\"fr-FR\",\"@id\":\"https:\\\/\\\/marina-clinic.com\\\/wp-content\\\/litespeed\\\/avatar\\\/c9ebf946e00e0d979d3cb0854f67e68c.jpg?ver=1787736150\",\"url\":\"https:\\\/\\\/marina-clinic.com\\\/wp-content\\\/litespeed\\\/avatar\\\/c9ebf946e00e0d979d3cb0854f67e68c.jpg?ver=1787736150\",\"contentUrl\":\"https:\\\/\\\/marina-clinic.com\\\/wp-content\\\/litespeed\\\/avatar\\\/c9ebf946e00e0d979d3cb0854f67e68c.jpg?ver=1787736150\",\"caption\":\"Hamza Abu Kalam\"},\"knowsLanguage\":[\"English\",\"French\",\"Arabic\"],\"url\":\"https:\\\/\\\/marina-clinic.com\\\/fr\\\/author\\\/hamza\\\/\"},{\"@type\":\"Question\",\"@id\":\"https:\\\/\\\/marina-clinic.com\\\/fr\\\/medications-before-veneers\\\/#faq-question-1788166203626\",\"position\":1,\"url\":\"https:\\\/\\\/marina-clinic.com\\\/fr\\\/medications-before-veneers\\\/#faq-question-1788166203626\",\"name\":\"Puis-je avoir des facettes si j\u2019ai une maladie auto-immune ?\",\"answerCount\":1,\"acceptedAnswer\":{\"@type\":\"Answer\",\"text\":\"Oui, dans de nombreux cas. Le dentiste doit toutefois v\u00e9rifier si la maladie est stable, quels m\u00e9dicaments vous prenez, ainsi que l\u2019\u00e9tat de vos gencives et de vos dents.\",\"inLanguage\":\"fr-FR\"},\"inLanguage\":\"fr-FR\"},{\"@type\":\"Question\",\"@id\":\"https:\\\/\\\/marina-clinic.com\\\/fr\\\/medications-before-veneers\\\/#faq-question-1788166208995\",\"position\":2,\"url\":\"https:\\\/\\\/marina-clinic.com\\\/fr\\\/medications-before-veneers\\\/#faq-question-1788166208995\",\"name\":\"Puis-je avoir des facettes pendant un traitement immunosuppresseur ?\",\"answerCount\":1,\"acceptedAnswer\":{\"@type\":\"Answer\",\"text\":\"C\u2019est parfois possible. Le dentiste doit v\u00e9rifier le m\u00e9dicament, la dose, votre \u00e9tat de sant\u00e9, ainsi que la sant\u00e9 de vos gencives et de vos dents. Il doit aussi savoir si le traitement pr\u00e9voit une intervention plus importante.\",\"inLanguage\":\"fr-FR\"},\"inLanguage\":\"fr-FR\"},{\"@type\":\"Question\",\"@id\":\"https:\\\/\\\/marina-clinic.com\\\/fr\\\/medications-before-veneers\\\/#faq-question-1788166213778\",\"position\":3,\"url\":\"https:\\\/\\\/marina-clinic.com\\\/fr\\\/medications-before-veneers\\\/#faq-question-1788166213778\",\"name\":\"Les cortico\u00efdes affectent-ils les facettes dentaires ?\",\"answerCount\":1,\"acceptedAnswer\":{\"@type\":\"Answer\",\"text\":\"Les cortico\u00efdes n\u2019agissent pas directement sur la facette elle-m\u00eame. Cependant, un traitement prolong\u00e9 peut avoir un effet sur les d\u00e9fenses du corps, la cicatrisation et certaines \u00e9tapes des soins dentaires.\",\"inLanguage\":\"fr-FR\"},\"inLanguage\":\"fr-FR\"},{\"@type\":\"Question\",\"@id\":\"https:\\\/\\\/marina-clinic.com\\\/fr\\\/medications-before-veneers\\\/#faq-question-1788166218783\",\"position\":4,\"url\":\"https:\\\/\\\/marina-clinic.com\\\/fr\\\/medications-before-veneers\\\/#faq-question-1788166218783\",\"name\":\"Pourquoi mes gencives sont-elles encore gonfl\u00e9es ou saignent-elles apr\u00e8s la pose de facettes ?\",\"answerCount\":1,\"acceptedAnswer\":{\"@type\":\"Answer\",\"text\":\"Une l\u00e9g\u00e8re g\u00eane peut \u00eatre passag\u00e8re apr\u00e8s la pose. En revanche, si les gencives restent gonfl\u00e9es ou continuent de saigner, un contr\u00f4le est conseill\u00e9. La plaque dentaire, une inflammation des gencives ou un probl\u00e8me au bord de la facette peuvent en \u00eatre la cause.\",\"inLanguage\":\"fr-FR\"},\"inLanguage\":\"fr-FR\"},{\"@type\":\"ImageObject\",\"inLanguage\":\"fr-FR\",\"@id\":\"https:\\\/\\\/marina-clinic.com\\\/fr\\\/medications-before-veneers\\\/#local-main-organization-logo\",\"url\":\"https:\\\/\\\/marina-clinic.com\\\/wp-content\\\/uploads\\\/2025\\\/09\\\/Marina-web-190-70-Logo.png\",\"contentUrl\":\"https:\\\/\\\/marina-clinic.com\\\/wp-content\\\/uploads\\\/2025\\\/09\\\/Marina-web-190-70-Logo.png\",\"width\":190,\"height\":70,\"caption\":\"Marina Clinic\"}]}<\/script>\n<!-- \/ Yoast SEO Premium plugin. -->","yoast_head_json":{"title":"M\u00e9dicaments et facettes dentaires : ce qu\u2019il faut savoir - Marina Clinic","description":"D\u00e9couvrez comment les m\u00e9dicaments peuvent affecter les facettes dentaires et ce qu\u2019il faut signaler \u00e0 votre dentiste avant le traitement.","robots":{"index":"index","follow":"follow","max-snippet":"max-snippet:-1","max-image-preview":"max-image-preview:large","max-video-preview":"max-video-preview:-1"},"canonical":"https:\/\/marina-clinic.com\/fr\/medications-before-veneers\/","og_locale":"fr_FR","og_type":"article","og_title":"Les m\u00e9dicaments peuvent-ils affecter le traitement par facettes dentaires ? Ce que vous devez dire \u00e0 votre dentiste avant la proc\u00e9dure","og_description":"D\u00e9couvrez comment les m\u00e9dicaments peuvent affecter les facettes dentaires et ce qu\u2019il faut signaler \u00e0 votre dentiste avant le traitement.","og_url":"https:\/\/marina-clinic.com\/fr\/medications-before-veneers\/","og_site_name":"Marina Clinic","article_published_time":"2026-08-31T09:20:49+00:00","article_modified_time":"2026-08-31T11:17:41+00:00","og_image":[{"width":1200,"height":675,"url":"https:\/\/marina-clinic.com\/wp-content\/uploads\/2026\/08\/Can-Medications-Affect-Veneer-Treatment_-What-to-Tell-Your-Dentist-Before-the-Procedure_.webp","type":"image\/webp"}],"author":"Hamza Abu Kalam","twitter_card":"summary_large_image","twitter_misc":{"\u00c9crit par":"Hamza Abu Kalam","Dur\u00e9e de lecture estim\u00e9e":"17 minutes"},"schema":{"@context":"https:\/\/schema.org","@graph":[{"@type":"Article","@id":"https:\/\/marina-clinic.com\/fr\/medications-before-veneers\/#article","isPartOf":{"@id":"https:\/\/marina-clinic.com\/fr\/medications-before-veneers\/"},"author":{"name":"Hamza Abu Kalam","@id":"https:\/\/marina-clinic.com\/fr\/#\/schema\/person\/d75fd44940a044272708ce95ff8120a3"},"headline":"Les m\u00e9dicaments peuvent-ils affecter le traitement par facettes dentaires ? Ce que vous devez dire \u00e0 votre dentiste avant la proc\u00e9dure","datePublished":"2026-08-31T09:20:49+00:00","dateModified":"2026-08-31T11:17:41+00:00","mainEntityOfPage":{"@id":"https:\/\/marina-clinic.com\/fr\/medications-before-veneers\/"},"wordCount":3407,"commentCount":0,"publisher":{"@id":"https:\/\/marina-clinic.com\/fr\/#organization"},"image":{"@id":"https:\/\/marina-clinic.com\/fr\/medications-before-veneers\/#primaryimage"},"thumbnailUrl":"https:\/\/marina-clinic.com\/wp-content\/uploads\/2026\/08\/Can-Medications-Affect-Veneer-Treatment_-What-to-Tell-Your-Dentist-Before-the-Procedure_.webp","keywords":["Plan de soins dentaires","Sant\u00e9 dentaire","Sant\u00e9 Gingivale","Soins dentaires apr\u00e8s la pose de facettes"],"articleSection":["facettes dentaires","Soins dentaires"],"inLanguage":"fr-FR","potentialAction":[{"@type":"CommentAction","name":"Comment","target":["https:\/\/marina-clinic.com\/fr\/medications-before-veneers\/#respond"]}],"copyrightYear":"2026","copyrightHolder":{"@id":"https:\/\/marina-clinic.com\/#organization"}},{"@type":["WebPage","FAQPage"],"@id":"https:\/\/marina-clinic.com\/fr\/medications-before-veneers\/","url":"https:\/\/marina-clinic.com\/fr\/medications-before-veneers\/","name":"M\u00e9dicaments et facettes dentaires : ce qu\u2019il faut savoir - Marina Clinic","isPartOf":{"@id":"https:\/\/marina-clinic.com\/fr\/#website"},"primaryImageOfPage":{"@id":"https:\/\/marina-clinic.com\/fr\/medications-before-veneers\/#primaryimage"},"image":{"@id":"https:\/\/marina-clinic.com\/fr\/medications-before-veneers\/#primaryimage"},"thumbnailUrl":"https:\/\/marina-clinic.com\/wp-content\/uploads\/2026\/08\/Can-Medications-Affect-Veneer-Treatment_-What-to-Tell-Your-Dentist-Before-the-Procedure_.webp","datePublished":"2026-08-31T09:20:49+00:00","dateModified":"2026-08-31T11:17:41+00:00","description":"D\u00e9couvrez comment les m\u00e9dicaments peuvent affecter les facettes dentaires et ce qu\u2019il faut signaler \u00e0 votre dentiste avant le traitement.","breadcrumb":{"@id":"https:\/\/marina-clinic.com\/fr\/medications-before-veneers\/#breadcrumb"},"mainEntity":[{"@id":"https:\/\/marina-clinic.com\/fr\/medications-before-veneers\/#faq-question-1788166203626"},{"@id":"https:\/\/marina-clinic.com\/fr\/medications-before-veneers\/#faq-question-1788166208995"},{"@id":"https:\/\/marina-clinic.com\/fr\/medications-before-veneers\/#faq-question-1788166213778"},{"@id":"https:\/\/marina-clinic.com\/fr\/medications-before-veneers\/#faq-question-1788166218783"}],"inLanguage":"fr-FR","potentialAction":[{"@type":"ReadAction","target":["https:\/\/marina-clinic.com\/fr\/medications-before-veneers\/"]}]},{"@type":"ImageObject","inLanguage":"fr-FR","@id":"https:\/\/marina-clinic.com\/fr\/medications-before-veneers\/#primaryimage","url":"https:\/\/marina-clinic.com\/wp-content\/uploads\/2026\/08\/Can-Medications-Affect-Veneer-Treatment_-What-to-Tell-Your-Dentist-Before-the-Procedure_.webp","contentUrl":"https:\/\/marina-clinic.com\/wp-content\/uploads\/2026\/08\/Can-Medications-Affect-Veneer-Treatment_-What-to-Tell-Your-Dentist-Before-the-Procedure_.webp","width":1200,"height":675,"caption":"veneer medications"},{"@type":"BreadcrumbList","@id":"https:\/\/marina-clinic.com\/fr\/medications-before-veneers\/#breadcrumb","itemListElement":[{"@type":"ListItem","position":1,"name":"Accueil","item":"https:\/\/marina-clinic.com\/fr\/"},{"@type":"ListItem","position":2,"name":"Home > Dental Veneers > Medications Before Veneers"}]},{"@type":"WebSite","@id":"https:\/\/marina-clinic.com\/fr\/#website","url":"https:\/\/marina-clinic.com\/fr\/","name":"Marina Clinic","description":"Marina Clinic \u2013 World-Class Dental Implants, Hollywood Smile, Hair transplant &amp; Cosmetic Dentistry in Turkey","publisher":{"@id":"https:\/\/marina-clinic.com\/fr\/#organization"},"potentialAction":[{"@type":"SearchAction","target":{"@type":"EntryPoint","urlTemplate":"https:\/\/marina-clinic.com\/fr\/?s={search_term_string}"},"query-input":{"@type":"PropertyValueSpecification","valueRequired":true,"valueName":"search_term_string"}}],"inLanguage":"fr-FR"},{"@type":["Organization","Place"],"@id":"https:\/\/marina-clinic.com\/fr\/#organization","name":"Marina Clinic","url":"https:\/\/marina-clinic.com\/fr\/","logo":{"@id":"https:\/\/marina-clinic.com\/fr\/medications-before-veneers\/#local-main-organization-logo"},"image":{"@id":"https:\/\/marina-clinic.com\/fr\/medications-before-veneers\/#local-main-organization-logo"},"telephone":[],"openingHoursSpecification":[{"@type":"OpeningHoursSpecification","dayOfWeek":["Monday","Tuesday","Wednesday","Thursday","Friday","Saturday","Sunday"],"opens":"09:00","closes":"17:00"}]},{"@type":"Person","@id":"https:\/\/marina-clinic.com\/fr\/#\/schema\/person\/d75fd44940a044272708ce95ff8120a3","name":"Hamza Abu Kalam","image":{"@type":"ImageObject","inLanguage":"fr-FR","@id":"https:\/\/marina-clinic.com\/wp-content\/litespeed\/avatar\/c9ebf946e00e0d979d3cb0854f67e68c.jpg?ver=1787736150","url":"https:\/\/marina-clinic.com\/wp-content\/litespeed\/avatar\/c9ebf946e00e0d979d3cb0854f67e68c.jpg?ver=1787736150","contentUrl":"https:\/\/marina-clinic.com\/wp-content\/litespeed\/avatar\/c9ebf946e00e0d979d3cb0854f67e68c.jpg?ver=1787736150","caption":"Hamza Abu Kalam"},"knowsLanguage":["English","French","Arabic"],"url":"https:\/\/marina-clinic.com\/fr\/author\/hamza\/"},{"@type":"Question","@id":"https:\/\/marina-clinic.com\/fr\/medications-before-veneers\/#faq-question-1788166203626","position":1,"url":"https:\/\/marina-clinic.com\/fr\/medications-before-veneers\/#faq-question-1788166203626","name":"Puis-je avoir des facettes si j\u2019ai une maladie auto-immune ?","answerCount":1,"acceptedAnswer":{"@type":"Answer","text":"Oui, dans de nombreux cas. Le dentiste doit toutefois v\u00e9rifier si la maladie est stable, quels m\u00e9dicaments vous prenez, ainsi que l\u2019\u00e9tat de vos gencives et de vos dents.","inLanguage":"fr-FR"},"inLanguage":"fr-FR"},{"@type":"Question","@id":"https:\/\/marina-clinic.com\/fr\/medications-before-veneers\/#faq-question-1788166208995","position":2,"url":"https:\/\/marina-clinic.com\/fr\/medications-before-veneers\/#faq-question-1788166208995","name":"Puis-je avoir des facettes pendant un traitement immunosuppresseur ?","answerCount":1,"acceptedAnswer":{"@type":"Answer","text":"C\u2019est parfois possible. Le dentiste doit v\u00e9rifier le m\u00e9dicament, la dose, votre \u00e9tat de sant\u00e9, ainsi que la sant\u00e9 de vos gencives et de vos dents. Il doit aussi savoir si le traitement pr\u00e9voit une intervention plus importante.","inLanguage":"fr-FR"},"inLanguage":"fr-FR"},{"@type":"Question","@id":"https:\/\/marina-clinic.com\/fr\/medications-before-veneers\/#faq-question-1788166213778","position":3,"url":"https:\/\/marina-clinic.com\/fr\/medications-before-veneers\/#faq-question-1788166213778","name":"Les cortico\u00efdes affectent-ils les facettes dentaires ?","answerCount":1,"acceptedAnswer":{"@type":"Answer","text":"Les cortico\u00efdes n\u2019agissent pas directement sur la facette elle-m\u00eame. Cependant, un traitement prolong\u00e9 peut avoir un effet sur les d\u00e9fenses du corps, la cicatrisation et certaines \u00e9tapes des soins dentaires.","inLanguage":"fr-FR"},"inLanguage":"fr-FR"},{"@type":"Question","@id":"https:\/\/marina-clinic.com\/fr\/medications-before-veneers\/#faq-question-1788166218783","position":4,"url":"https:\/\/marina-clinic.com\/fr\/medications-before-veneers\/#faq-question-1788166218783","name":"Pourquoi mes gencives sont-elles encore gonfl\u00e9es ou saignent-elles apr\u00e8s la pose de facettes ?","answerCount":1,"acceptedAnswer":{"@type":"Answer","text":"Une l\u00e9g\u00e8re g\u00eane peut \u00eatre passag\u00e8re apr\u00e8s la pose. En revanche, si les gencives restent gonfl\u00e9es ou continuent de saigner, un contr\u00f4le est conseill\u00e9. La plaque dentaire, une inflammation des gencives ou un probl\u00e8me au bord de la facette peuvent en \u00eatre la cause.","inLanguage":"fr-FR"},"inLanguage":"fr-FR"},{"@type":"ImageObject","inLanguage":"fr-FR","@id":"https:\/\/marina-clinic.com\/fr\/medications-before-veneers\/#local-main-organization-logo","url":"https:\/\/marina-clinic.com\/wp-content\/uploads\/2025\/09\/Marina-web-190-70-Logo.png","contentUrl":"https:\/\/marina-clinic.com\/wp-content\/uploads\/2025\/09\/Marina-web-190-70-Logo.png","width":190,"height":70,"caption":"Marina Clinic"}]}},"amp_enabled":true,"_links":{"self":[{"href":"https:\/\/marina-clinic.com\/fr\/wp-json\/wp\/v2\/posts\/22828","targetHints":{"allow":["GET"]}}],"collection":[{"href":"https:\/\/marina-clinic.com\/fr\/wp-json\/wp\/v2\/posts"}],"about":[{"href":"https:\/\/marina-clinic.com\/fr\/wp-json\/wp\/v2\/types\/post"}],"author":[{"embeddable":true,"href":"https:\/\/marina-clinic.com\/fr\/wp-json\/wp\/v2\/users\/4"}],"replies":[{"embeddable":true,"href":"https:\/\/marina-clinic.com\/fr\/wp-json\/wp\/v2\/comments?post=22828"}],"version-history":[{"count":4,"href":"https:\/\/marina-clinic.com\/fr\/wp-json\/wp\/v2\/posts\/22828\/revisions"}],"predecessor-version":[{"id":22842,"href":"https:\/\/marina-clinic.com\/fr\/wp-json\/wp\/v2\/posts\/22828\/revisions\/22842"}],"wp:featuredmedia":[{"embeddable":true,"href":"https:\/\/marina-clinic.com\/fr\/wp-json\/wp\/v2\/media\/22830"}],"wp:attachment":[{"href":"https:\/\/marina-clinic.com\/fr\/wp-json\/wp\/v2\/media?parent=22828"}],"wp:term":[{"taxonomy":"category","embeddable":true,"href":"https:\/\/marina-clinic.com\/fr\/wp-json\/wp\/v2\/categories?post=22828"},{"taxonomy":"post_tag","embeddable":true,"href":"https:\/\/marina-clinic.com\/fr\/wp-json\/wp\/v2\/tags?post=22828"}],"curies":[{"name":"wp","href":"https:\/\/api.w.org\/{rel}","templated":true}]}}